{"id":24520,"date":"2015-02-22T21:03:20","date_gmt":"2015-02-22T19:03:20","guid":{"rendered":"http:\/\/www.sana.sy\/tr\/?p=24520"},"modified":"2015-02-23T16:53:02","modified_gmt":"2015-02-23T14:53:02","slug":"turkiye-rejimi-kaide-orgutunun-kollari-olan-teror-orgutlere-destekle-yetinmedi","status":"publish","type":"post","link":"https:\/\/archive.sana.sy\/tr\/?p=24520","title":{"rendered":"T\u00fcrkiye Rejimi Kaide \u00d6rg\u00fct\u00fcn\u00fcn Kollar\u0131 Olan Ter\u00f6r \u00d6rg\u00fctlere Destekle Yetinmedi"},"content":{"rendered":"<p>\u015eAM \u2013\u00a0D\u0131\u015fi\u015fleri ve Gurbet\u00e7iler Bakanl\u0131\u011f\u0131nda yetkili bir kaynak;\u00a0T\u00fcrkiye&#8217;deki rejimin, edatlar\u0131 olan Kaide \u00d6rg\u00fct\u00fcn\u00fcn kollar\u0131 I\u015e\u0130D, Nusra Cephesi ve daha ba\u015fka ter\u00f6r \u00e7etelere verdi\u011fi destekle yetinmeyerek bug\u00fcn erken saatlerde Suriye topraklar\u0131na \u00e7irkef bir sald\u0131r\u0131da bulundu\u011funu belirtti.<\/p>\n<p>SANA\u2019ya bug\u00fcn a\u00e7\u0131klama yapan kaynak; T\u00fcrkiye d\u0131\u015fi\u015fleri bakanl\u0131\u011f\u0131n\u0131n S\u00fcleyman \u015eah mezar\u0131n\u0131 ba\u015fka bir mekana ta\u015f\u0131ma operasyonundan bir g\u00fcn \u00f6nce Suriye&#8217;nin \u0130stanbul\u2019daki Konsoloslu\u011funa resmi bir \u015fekilde bildirdi\u011fine\u00a0dikkat \u00e7ekti. Kaynak; fakat T\u00fcrk otoritelerin 1921 y\u0131l\u0131nda T\u00fcrkiye ile o d\u00f6nemin i\u015fgalci Frans\u0131z otoriteleri aras\u0131nda imzalanan anla\u015fman\u0131n \u00f6ng\u00f6rd\u00fc\u011f\u00fc gibi bu konuda Suriye&#8217;nin onay\u0131n\u0131 beklemedi\u011fine vurgu yapt\u0131.<\/p>\n<p>Kaynak T\u00fcrkiye rejiminin ger\u00e7ek niyetlerinde dikkat ve \u015f\u00fcphe \u00e7ekici bir meseleye vurgu yapt\u0131. S\u00fcleyman \u015eah T\u00fcrbesinin Rakka k\u0131rsal\u0131nda I\u015e\u0130D ter\u00f6ristlerinin yo\u011fun olarak bulunduklar\u0131 bir b\u00f6lgede oldu\u011funa i\u015faret eden kaynak; I\u015e\u0130D \u00e7etelerinin b\u00f6lgede bulunan t\u00fcm mezarlar, t\u00fcrbeler ve kiliselerin yan\u0131 s\u0131ra \u00e7ok say\u0131da mescit ve camiyi de y\u0131kmalar\u0131na ra\u011fmen S\u00fcleyman \u015eah t\u00fcrbesine hi\u00e7bir \u015fekilde sald\u0131rmad\u0131\u011f\u0131n\u0131n alt\u0131n\u0131 \u00e7izdi.<\/p>\n<p>Kaynak I\u015e\u0130D ter\u00f6r \u00e7etelerinin S\u00fcleyman \u015eah T\u00fcrbesine herhangi bir sald\u0131r\u0131da bulunmamalar\u0131n\u0131n tekfirci ter\u00f6r \u00f6rg\u00fct\u00fc ile T\u00fcrkiye h\u00fck\u00fcmeti aras\u0131ndaki derin ili\u015fki ve ba\u011flar\u0131n bir kan\u0131t\u0131 oldu\u011funa dikkat \u00e7ekti.<\/p>\n<p>A\u00e7\u0131klamas\u0131n\u0131n sonunda kaynak; T\u00fcrkiye rejiminin S\u00fcleyman \u015eah t\u00fcrbesine ili\u015fkin anla\u015fman\u0131n h\u00fck\u00fcmlerini ihlal etmesinin, bu ihlalin yol a\u00e7aca\u011f\u0131 sonu\u00e7lardan T\u00fcrkiye otoritelerinin sorumlu olaca\u011f\u0131n\u0131 vurgulad\u0131.<\/p>\n<p>A.A.<\/p>\n","protected":false},"excerpt":{"rendered":"<p>\u015eAM \u2013\u00a0D\u0131\u015fi\u015fleri ve Gurbet\u00e7iler Bakanl\u0131\u011f\u0131nda yetkili bir kaynak;\u00a0T\u00fcrkiye&#8217;deki rejimin, edatlar\u0131 olan Kaide \u00d6rg\u00fct\u00fcn\u00fcn kollar\u0131 I\u015e\u0130D, Nusra Cephesi ve daha ba\u015fka ter\u00f6r \u00e7etelere verdi\u011fi destekle yetinmeyerek bug\u00fcn erken saatlerde Suriye topraklar\u0131na \u00e7irkef bir sald\u0131r\u0131da bulundu\u011funu belirtti. SANA\u2019ya bug\u00fcn a\u00e7\u0131klama yapan kaynak; T\u00fcrkiye d\u0131\u015fi\u015fleri bakanl\u0131\u011f\u0131n\u0131n S\u00fcleyman \u015eah mezar\u0131n\u0131 ba\u015fka bir mekana ta\u015f\u0131ma operasyonundan bir g\u00fcn \u00f6nce Suriye&#8217;nin &hellip;<\/p>\n","protected":false},"author":1,"featured_media":24524,"comment_status":"closed","ping_status":"closed","sticky":false,"template":"","format":"standard","meta":{"footnotes":""},"categories":[479,2554,2555,478],"tags":[],"class_list":["post-24520","post","type-post","status-publish","format-standard","has-post-thumbnail","","category-haberler-yerel","category-suriye-ve-dunya","category-suriye-ve-turkiye","category-yerel"],"_links":{"self":[{"href":"https:\/\/archive.sana.sy\/tr\/index.php?rest_route=\/wp\/v2\/posts\/24520","targetHints":{"allow":["GET"]}}],"collection":[{"href":"https:\/\/archive.sana.sy\/tr\/index.php?rest_route=\/wp\/v2\/posts"}],"about":[{"href":"https:\/\/archive.sana.sy\/tr\/index.php?rest_route=\/wp\/v2\/types\/post"}],"author":[{"embeddable":true,"href":"https:\/\/archive.sana.sy\/tr\/index.php?rest_route=\/wp\/v2\/users\/1"}],"replies":[{"embeddable":true,"href":"https:\/\/archive.sana.sy\/tr\/index.php?rest_route=%2Fwp%2Fv2%2Fcomments&post=24520"}],"version-history":[{"count":0,"href":"https:\/\/archive.sana.sy\/tr\/index.php?rest_route=\/wp\/v2\/posts\/24520\/revisions"}],"wp:featuredmedia":[{"embeddable":true,"href":"https:\/\/archive.sana.sy\/tr\/index.php?rest_route=\/wp\/v2\/media\/24524"}],"wp:attachment":[{"href":"https:\/\/archive.sana.sy\/tr\/index.php?rest_route=%2Fwp%2Fv2%2Fmedia&parent=24520"}],"wp:term":[{"taxonomy":"category","embeddable":true,"href":"https:\/\/archive.sana.sy\/tr\/index.php?rest_route=%2Fwp%2Fv2%2Fcategories&post=24520"},{"taxonomy":"post_tag","embeddable":true,"href":"https:\/\/archive.sana.sy\/tr\/index.php?rest_route=%2Fwp%2Fv2%2Ftags&post=24520"}],"curies":[{"name":"wp","href":"https:\/\/api.w.org\/{rel}","templated":true}]}}