{"id":245218,"date":"2021-10-27T13:21:19","date_gmt":"2021-10-27T10:21:19","guid":{"rendered":"http:\/\/107.6.182.27\/tr\/?p=245218"},"modified":"2021-10-29T08:28:14","modified_gmt":"2021-10-29T06:28:14","slug":"turk-isgali-idlib-ve-kirsalindaki-noktalarini-ve-teror-orgutlerine-destegini-guclendiriyor","status":"publish","type":"post","link":"https:\/\/archive.sana.sy\/tr\/?p=245218","title":{"rendered":"T\u00fcrk \u0130\u015fgali \u0130dlib Ve K\u0131rsal\u0131ndaki Noktalar\u0131n\u0131 Ve Ter\u00f6r \u00d6rg\u00fctlerine Deste\u011fini G\u00fc\u00e7lendiriyor"},"content":{"rendered":"<p>\u0130DL\u0130B \u2013 T\u00fcrk i\u015fgal g\u00fc\u00e7leri, i\u015fgal noktalar\u0131n\u0131 g\u00fc\u00e7lendirme ve ter\u00f6r \u00f6rg\u00fctlerine do\u011frudan destek kapsam\u0131nda Hirbet El Cevz&#8217;in yasad\u0131\u015f\u0131 ge\u00e7i\u015finden \u0130dlib k\u0131rsal\u0131n\u0131n bat\u0131s\u0131na 200 askeri ara\u00e7 getirdi.<\/p>\n<p>Yerel ve medya kaynaklar\u0131, T\u00fcrk i\u015fgal kuvvetlerine ait kaliteli silah, m\u00fchimmat ve lojistik malzeme y\u00fckl\u00fc 200&#8217;den fazla arac\u0131n yasad\u0131\u015f\u0131 Hirbet El Cevz ge\u00e7idinden iki grup halinde girdi\u011fini belirtirken, \u0130dlib&#8217;in bat\u0131 k\u0131rsal\u0131 ve ilin kuzeybat\u0131s\u0131ndaki Cebel El Zaviye\u2019ye yay\u0131ld\u0131\u011f\u0131na i\u015faret etti.<\/p>\n","protected":false},"excerpt":{"rendered":"<p>\u0130DL\u0130B \u2013 T\u00fcrk i\u015fgal g\u00fc\u00e7leri, i\u015fgal noktalar\u0131n\u0131 g\u00fc\u00e7lendirme ve ter\u00f6r \u00f6rg\u00fctlerine do\u011frudan destek kapsam\u0131nda Hirbet El Cevz&#8217;in yasad\u0131\u015f\u0131 ge\u00e7i\u015finden \u0130dlib k\u0131rsal\u0131n\u0131n bat\u0131s\u0131na 200 askeri ara\u00e7 getirdi. Yerel ve medya kaynaklar\u0131, T\u00fcrk i\u015fgal kuvvetlerine ait kaliteli silah, m\u00fchimmat ve lojistik malzeme y\u00fckl\u00fc 200&#8217;den fazla arac\u0131n yasad\u0131\u015f\u0131 Hirbet El Cevz ge\u00e7idinden iki grup halinde girdi\u011fini belirtirken, \u0130dlib&#8217;in &hellip;<\/p>\n","protected":false},"author":36,"featured_media":245219,"comment_status":"closed","ping_status":"closed","sticky":false,"template":"","format":"standard","meta":{"footnotes":""},"categories":[479,575,17988,2554,2555,478],"tags":[],"class_list":["post-245218","post","type-post","status-publish","format-standard","has-post-thumbnail","","category-haberler-yerel","category-olaylar-ve-gercekler","category-son-haberler","category-suriye-ve-dunya","category-suriye-ve-turkiye","category-yerel"],"_links":{"self":[{"href":"https:\/\/archive.sana.sy\/tr\/index.php?rest_route=\/wp\/v2\/posts\/245218","targetHints":{"allow":["GET"]}}],"collection":[{"href":"https:\/\/archive.sana.sy\/tr\/index.php?rest_route=\/wp\/v2\/posts"}],"about":[{"href":"https:\/\/archive.sana.sy\/tr\/index.php?rest_route=\/wp\/v2\/types\/post"}],"author":[{"embeddable":true,"href":"https:\/\/archive.sana.sy\/tr\/index.php?rest_route=\/wp\/v2\/users\/36"}],"replies":[{"embeddable":true,"href":"https:\/\/archive.sana.sy\/tr\/index.php?rest_route=%2Fwp%2Fv2%2Fcomments&post=245218"}],"version-history":[{"count":0,"href":"https:\/\/archive.sana.sy\/tr\/index.php?rest_route=\/wp\/v2\/posts\/245218\/revisions"}],"wp:featuredmedia":[{"embeddable":true,"href":"https:\/\/archive.sana.sy\/tr\/index.php?rest_route=\/wp\/v2\/media\/245219"}],"wp:attachment":[{"href":"https:\/\/archive.sana.sy\/tr\/index.php?rest_route=%2Fwp%2Fv2%2Fmedia&parent=245218"}],"wp:term":[{"taxonomy":"category","embeddable":true,"href":"https:\/\/archive.sana.sy\/tr\/index.php?rest_route=%2Fwp%2Fv2%2Fcategories&post=245218"},{"taxonomy":"post_tag","embeddable":true,"href":"https:\/\/archive.sana.sy\/tr\/index.php?rest_route=%2Fwp%2Fv2%2Ftags&post=245218"}],"curies":[{"name":"wp","href":"https:\/\/api.w.org\/{rel}","templated":true}]}}