{"id":245225,"date":"2021-10-27T21:44:44","date_gmt":"2021-10-27T18:44:44","guid":{"rendered":"http:\/\/107.6.182.27\/tr\/?p=245225"},"modified":"2021-10-29T08:28:38","modified_gmt":"2021-10-29T06:28:38","slug":"esad-samdaki-yuksek-askeri-akademiyi-ziyaret-etti-36-donem-mezunlariyla-komuta-ve-kurmay-bir-araya-geldi","status":"publish","type":"post","link":"https:\/\/archive.sana.sy\/tr\/?p=245225","title":{"rendered":"Esad \u015eam&#8217;daki Y\u00fcksek Askeri Akademiyi Ziyaret Etti.. 36. D\u00f6nem Mezunlar\u0131yla (komuta ve kurmay) Bir Araya Geldi"},"content":{"rendered":"<p style=\"text-align: justify;\">\u015eam &#8211; Cumhurba\u015fkan\u0131 Korgeneral Be\u015f\u015far Esad bug\u00fcn \u015eam&#8217;daki Y\u00fcksek Askeri Akademisi&#8217;ni ziyaret etti ve otuz alt\u0131nc\u0131 &#8220;Komuta ve Kurmay&#8221; d\u00f6neminden mezun subaylarla bir araya geldi.<\/p>\n<p style=\"text-align: justify;\">Cumhurba\u015fkan\u0131 Esad, &#8220;Bilimsel, mesleki ve vatansever kariyerinizde \u00f6nemli bir aya\u011f\u0131 olu\u015fturan komuta ve kurmay kursu oturumunuzun sonunda bug\u00fcn sizlerle bulu\u015fmaktan memnuniyet duyuyorum. aran\u0131zda her komutan\u0131n mesleki tarihinin ve milli tarihimizin bu a\u015famas\u0131nda olu\u015fan kendi tecr\u00fcbesi var&#8221; dedi.<\/p>\n<p style=\"text-align: justify;\">Cumhurba\u015fkan\u0131 Esad, &#8220;Bu milli askeri tecr\u00fcbe bir bilime d\u00f6n\u00fc\u015ft\u00fc\u011f\u00fcnde, o zaman bu bilimi geli\u015ftirebiliriz, o zaman sonu\u00e7lar \u00e7\u0131karabilir, fikir ve tecr\u00fcbeler ortaya \u00e7\u0131karabilir ve sava\u015f\u0131n her a\u015famas\u0131na veya her ko\u015fula uygun \u00e7\u00f6z\u00fcmler \u00fcretebiliriz. \u0130\u015fte akademinin \u00f6nemi burada ve burada g\u00fcnl\u00fck olarak, s\u0131n\u0131fta veya s\u0131n\u0131f d\u0131\u015f\u0131nda yapt\u0131\u011f\u0131n\u0131z konu\u015fmalar\u0131n \u00f6nemi burada yatmaktad\u0131r dedi.<\/p>\n<p style=\"text-align: justify;\">Cumhurba\u015fkan\u0131 Esad, &#8220;Bilim ve bilgi hakk\u0131nda konu\u015ftu\u011fumuzda, liderlik ile bilgi aras\u0131nda ayr\u0131m yapamay\u0131z, liderin ki\u015fili\u011fi ile liderin bilgisi aras\u0131nda ayr\u0131m yapamay\u0131z. Askeri bilimler, siyasiv dahil ancak t\u00fcm alanlar\u0131 kapsayacak \u015fekilde geni\u015fler dedi.<\/p>\n<p style=\"text-align: center;\"><iframe loading=\"lazy\" title=\"YouTube video player\" src=\"https:\/\/www.youtube.com\/embed\/9dukU_9-nLo\" width=\"620\" height=\"347\" frameborder=\"0\" allowfullscreen=\"allowfullscreen\"><\/iframe><\/p>\n<div id='gallery-1' class='gallery galleryid-245225 gallery-columns-1 gallery-size-full'><figure class='gallery-item'>\n\t\t\t<div class='gallery-icon landscape'>\n\t\t\t\t<a href='https:\/\/archive.sana.sy\/tr\/wp-content\/uploads\/2021\/10\/21_10_27_MP_\u0632\u064a\u0627\u0631\u0629_\u0627\u0644\u0627\u0643\u0627\u062f\u064a\u0645\u064a\u0629_\u0627\u0644\u0639\u0633\u0643\u0631\u064a\u0629_12-scaled-1.jpg'><img loading=\"lazy\" decoding=\"async\" width=\"2560\" height=\"1078\" src=\"https:\/\/archive.sana.sy\/tr\/wp-content\/uploads\/2021\/10\/21_10_27_MP_\u0632\u064a\u0627\u0631\u0629_\u0627\u0644\u0627\u0643\u0627\u062f\u064a\u0645\u064a\u0629_\u0627\u0644\u0639\u0633\u0643\u0631\u064a\u0629_12-scaled-1.jpg\" class=\"attachment-full size-full\" alt=\"\" srcset=\"https:\/\/archive.sana.sy\/tr\/wp-content\/uploads\/2021\/10\/21_10_27_MP_\u0632\u064a\u0627\u0631\u0629_\u0627\u0644\u0627\u0643\u0627\u062f\u064a\u0645\u064a\u0629_\u0627\u0644\u0639\u0633\u0643\u0631\u064a\u0629_12-scaled-1.jpg 2560w, https:\/\/archive.sana.sy\/tr\/wp-content\/uploads\/2021\/10\/21_10_27_MP_\u0632\u064a\u0627\u0631\u0629_\u0627\u0644\u0627\u0643\u0627\u062f\u064a\u0645\u064a\u0629_\u0627\u0644\u0639\u0633\u0643\u0631\u064a\u0629_12-scaled-1-300x126.jpg 300w, https:\/\/archive.sana.sy\/tr\/wp-content\/uploads\/2021\/10\/21_10_27_MP_\u0632\u064a\u0627\u0631\u0629_\u0627\u0644\u0627\u0643\u0627\u062f\u064a\u0645\u064a\u0629_\u0627\u0644\u0639\u0633\u0643\u0631\u064a\u0629_12-scaled-1-1024x431.jpg 1024w, https:\/\/archive.sana.sy\/tr\/wp-content\/uploads\/2021\/10\/21_10_27_MP_\u0632\u064a\u0627\u0631\u0629_\u0627\u0644\u0627\u0643\u0627\u062f\u064a\u0645\u064a\u0629_\u0627\u0644\u0639\u0633\u0643\u0631\u064a\u0629_12-scaled-1-150x63.jpg 150w, https:\/\/archive.sana.sy\/tr\/wp-content\/uploads\/2021\/10\/21_10_27_MP_\u0632\u064a\u0627\u0631\u0629_\u0627\u0644\u0627\u0643\u0627\u062f\u064a\u0645\u064a\u0629_\u0627\u0644\u0639\u0633\u0643\u0631\u064a\u0629_12-scaled-1-768x323.jpg 768w, https:\/\/archive.sana.sy\/tr\/wp-content\/uploads\/2021\/10\/21_10_27_MP_\u0632\u064a\u0627\u0631\u0629_\u0627\u0644\u0627\u0643\u0627\u062f\u064a\u0645\u064a\u0629_\u0627\u0644\u0639\u0633\u0643\u0631\u064a\u0629_12-scaled-1-1536x647.jpg 1536w, https:\/\/archive.sana.sy\/tr\/wp-content\/uploads\/2021\/10\/21_10_27_MP_\u0632\u064a\u0627\u0631\u0629_\u0627\u0644\u0627\u0643\u0627\u062f\u064a\u0645\u064a\u0629_\u0627\u0644\u0639\u0633\u0643\u0631\u064a\u0629_12-scaled-1-2048x862.jpg 2048w\" sizes=\"auto, (max-width: 2560px) 100vw, 2560px\" \/><\/a>\n\t\t\t<\/div><\/figure><figure class='gallery-item'>\n\t\t\t<div class='gallery-icon landscape'>\n\t\t\t\t<a href='https:\/\/archive.sana.sy\/tr\/wp-content\/uploads\/2021\/10\/21_10_27_MP_\u0632\u064a\u0627\u0631\u0629_\u0627\u0644\u0627\u0643\u0627\u062f\u064a\u0645\u064a\u0629_\u0627\u0644\u0639\u0633\u0643\u0631\u064a\u0629_32-scaled-1.jpg'><img loading=\"lazy\" decoding=\"async\" width=\"2560\" height=\"964\" src=\"https:\/\/archive.sana.sy\/tr\/wp-content\/uploads\/2021\/10\/21_10_27_MP_\u0632\u064a\u0627\u0631\u0629_\u0627\u0644\u0627\u0643\u0627\u062f\u064a\u0645\u064a\u0629_\u0627\u0644\u0639\u0633\u0643\u0631\u064a\u0629_32-scaled-1.jpg\" class=\"attachment-full size-full\" alt=\"\" srcset=\"https:\/\/archive.sana.sy\/tr\/wp-content\/uploads\/2021\/10\/21_10_27_MP_\u0632\u064a\u0627\u0631\u0629_\u0627\u0644\u0627\u0643\u0627\u062f\u064a\u0645\u064a\u0629_\u0627\u0644\u0639\u0633\u0643\u0631\u064a\u0629_32-scaled-1.jpg 2560w, https:\/\/archive.sana.sy\/tr\/wp-content\/uploads\/2021\/10\/21_10_27_MP_\u0632\u064a\u0627\u0631\u0629_\u0627\u0644\u0627\u0643\u0627\u062f\u064a\u0645\u064a\u0629_\u0627\u0644\u0639\u0633\u0643\u0631\u064a\u0629_32-scaled-1-300x113.jpg 300w, https:\/\/archive.sana.sy\/tr\/wp-content\/uploads\/2021\/10\/21_10_27_MP_\u0632\u064a\u0627\u0631\u0629_\u0627\u0644\u0627\u0643\u0627\u062f\u064a\u0645\u064a\u0629_\u0627\u0644\u0639\u0633\u0643\u0631\u064a\u0629_32-scaled-1-1024x386.jpg 1024w, https:\/\/archive.sana.sy\/tr\/wp-content\/uploads\/2021\/10\/21_10_27_MP_\u0632\u064a\u0627\u0631\u0629_\u0627\u0644\u0627\u0643\u0627\u062f\u064a\u0645\u064a\u0629_\u0627\u0644\u0639\u0633\u0643\u0631\u064a\u0629_32-scaled-1-150x56.jpg 150w, https:\/\/archive.sana.sy\/tr\/wp-content\/uploads\/2021\/10\/21_10_27_MP_\u0632\u064a\u0627\u0631\u0629_\u0627\u0644\u0627\u0643\u0627\u062f\u064a\u0645\u064a\u0629_\u0627\u0644\u0639\u0633\u0643\u0631\u064a\u0629_32-scaled-1-768x289.jpg 768w, https:\/\/archive.sana.sy\/tr\/wp-content\/uploads\/2021\/10\/21_10_27_MP_\u0632\u064a\u0627\u0631\u0629_\u0627\u0644\u0627\u0643\u0627\u062f\u064a\u0645\u064a\u0629_\u0627\u0644\u0639\u0633\u0643\u0631\u064a\u0629_32-scaled-1-1536x578.jpg 1536w, https:\/\/archive.sana.sy\/tr\/wp-content\/uploads\/2021\/10\/21_10_27_MP_\u0632\u064a\u0627\u0631\u0629_\u0627\u0644\u0627\u0643\u0627\u062f\u064a\u0645\u064a\u0629_\u0627\u0644\u0639\u0633\u0643\u0631\u064a\u0629_32-scaled-1-2048x771.jpg 2048w\" sizes=\"auto, (max-width: 2560px) 100vw, 2560px\" \/><\/a>\n\t\t\t<\/div><\/figure><figure class='gallery-item'>\n\t\t\t<div class='gallery-icon landscape'>\n\t\t\t\t<a href='https:\/\/archive.sana.sy\/tr\/wp-content\/uploads\/2021\/10\/122-10.jpg'><img loading=\"lazy\" decoding=\"async\" width=\"1500\" height=\"809\" src=\"https:\/\/archive.sana.sy\/tr\/wp-content\/uploads\/2021\/10\/122-10.jpg\" class=\"attachment-full size-full\" alt=\"\" srcset=\"https:\/\/archive.sana.sy\/tr\/wp-content\/uploads\/2021\/10\/122-10.jpg 1500w, https:\/\/archive.sana.sy\/tr\/wp-content\/uploads\/2021\/10\/122-10-300x162.jpg 300w, https:\/\/archive.sana.sy\/tr\/wp-content\/uploads\/2021\/10\/122-10-1024x552.jpg 1024w, https:\/\/archive.sana.sy\/tr\/wp-content\/uploads\/2021\/10\/122-10-150x81.jpg 150w, https:\/\/archive.sana.sy\/tr\/wp-content\/uploads\/2021\/10\/122-10-768x414.jpg 768w\" sizes=\"auto, (max-width: 1500px) 100vw, 1500px\" \/><\/a>\n\t\t\t<\/div><\/figure><figure class='gallery-item'>\n\t\t\t<div class='gallery-icon landscape'>\n\t\t\t\t<a href='https:\/\/archive.sana.sy\/tr\/wp-content\/uploads\/2021\/10\/photo_2021-10-27_20-19-00.jpg'><img loading=\"lazy\" decoding=\"async\" width=\"1280\" height=\"624\" src=\"https:\/\/archive.sana.sy\/tr\/wp-content\/uploads\/2021\/10\/photo_2021-10-27_20-19-00.jpg\" class=\"attachment-full size-full\" alt=\"\" srcset=\"https:\/\/archive.sana.sy\/tr\/wp-content\/uploads\/2021\/10\/photo_2021-10-27_20-19-00.jpg 1280w, https:\/\/archive.sana.sy\/tr\/wp-content\/uploads\/2021\/10\/photo_2021-10-27_20-19-00-300x146.jpg 300w, https:\/\/archive.sana.sy\/tr\/wp-content\/uploads\/2021\/10\/photo_2021-10-27_20-19-00-1024x499.jpg 1024w, https:\/\/archive.sana.sy\/tr\/wp-content\/uploads\/2021\/10\/photo_2021-10-27_20-19-00-150x73.jpg 150w, https:\/\/archive.sana.sy\/tr\/wp-content\/uploads\/2021\/10\/photo_2021-10-27_20-19-00-768x374.jpg 768w\" sizes=\"auto, (max-width: 1280px) 100vw, 1280px\" \/><\/a>\n\t\t\t<\/div><\/figure>\n\t\t<\/div>\n\n","protected":false},"excerpt":{"rendered":"<p>\u015eam &#8211; Cumhurba\u015fkan\u0131 Korgeneral Be\u015f\u015far Esad bug\u00fcn \u015eam&#8217;daki Y\u00fcksek Askeri Akademisi&#8217;ni ziyaret etti ve otuz alt\u0131nc\u0131 &#8220;Komuta ve Kurmay&#8221; d\u00f6neminden mezun subaylarla bir araya geldi. Cumhurba\u015fkan\u0131 Esad, &#8220;Bilimsel, mesleki ve vatansever kariyerinizde \u00f6nemli bir aya\u011f\u0131 olu\u015fturan komuta ve kurmay kursu oturumunuzun sonunda bug\u00fcn sizlerle bulu\u015fmaktan memnuniyet duyuyorum. aran\u0131zda her komutan\u0131n mesleki tarihinin ve milli tarihimizin &hellip;<\/p>\n","protected":false},"author":1,"featured_media":245226,"comment_status":"closed","ping_status":"closed","sticky":false,"template":"","format":"standard","meta":{"footnotes":""},"categories":[596,479,609,605,17988,478],"tags":[],"class_list":["post-245225","post","type-post","status-publish","format-standard","has-post-thumbnail","","category-fotografli-raporlar","category-haberler-yerel","category-konusmalar","category-sayin-cumhurbaskani","category-son-haberler","category-yerel"],"_links":{"self":[{"href":"https:\/\/archive.sana.sy\/tr\/index.php?rest_route=\/wp\/v2\/posts\/245225","targetHints":{"allow":["GET"]}}],"collection":[{"href":"https:\/\/archive.sana.sy\/tr\/index.php?rest_route=\/wp\/v2\/posts"}],"about":[{"href":"https:\/\/archive.sana.sy\/tr\/index.php?rest_route=\/wp\/v2\/types\/post"}],"author":[{"embeddable":true,"href":"https:\/\/archive.sana.sy\/tr\/index.php?rest_route=\/wp\/v2\/users\/1"}],"replies":[{"embeddable":true,"href":"https:\/\/archive.sana.sy\/tr\/index.php?rest_route=%2Fwp%2Fv2%2Fcomments&post=245225"}],"version-history":[{"count":0,"href":"https:\/\/archive.sana.sy\/tr\/index.php?rest_route=\/wp\/v2\/posts\/245225\/revisions"}],"wp:featuredmedia":[{"embeddable":true,"href":"https:\/\/archive.sana.sy\/tr\/index.php?rest_route=\/wp\/v2\/media\/245226"}],"wp:attachment":[{"href":"https:\/\/archive.sana.sy\/tr\/index.php?rest_route=%2Fwp%2Fv2%2Fmedia&parent=245225"}],"wp:term":[{"taxonomy":"category","embeddable":true,"href":"https:\/\/archive.sana.sy\/tr\/index.php?rest_route=%2Fwp%2Fv2%2Fcategories&post=245225"},{"taxonomy":"post_tag","embeddable":true,"href":"https:\/\/archive.sana.sy\/tr\/index.php?rest_route=%2Fwp%2Fv2%2Ftags&post=245225"}],"curies":[{"name":"wp","href":"https:\/\/api.w.org\/{rel}","templated":true}]}}