{"id":245247,"date":"2021-10-28T09:13:50","date_gmt":"2021-10-28T06:13:50","guid":{"rendered":"http:\/\/107.6.182.27\/tr\/?p=245247"},"modified":"2021-10-29T08:29:01","modified_gmt":"2021-10-29T06:29:01","slug":"suriye-siyasi-cabalarina-paralel-olarak-isgal-altindaki-topraklarini-ozgurlestirme-ve-terorle-mucadele-calismalarini-surdurecektir","status":"publish","type":"post","link":"https:\/\/archive.sana.sy\/tr\/?p=245247","title":{"rendered":"Suriye, Siyasi \u00c7abalar\u0131na Paralel Olarak \u0130\u015fgal Alt\u0131ndaki Topraklar\u0131n\u0131 \u00d6zg\u00fcrle\u015ftirme Ve Ter\u00f6rle M\u00fccadele \u00c7al\u0131\u015fmalar\u0131n\u0131 S\u00fcrd\u00fcrecektir"},"content":{"rendered":"<p>NEW YORK \u2013 Suriye, Suriye-Suriye ulusal diyalo\u011funa dayal\u0131 siyasi bir \u00e7\u00f6z\u00fcme ula\u015fmak i\u00e7in y\u00fcr\u00fctt\u00fc\u011f\u00fc siyasi \u00e7abalara paralel olarak i\u015fgal edilen t\u00fcm topraklar\u0131 \u00f6zg\u00fcrle\u015ftirme ve ter\u00f6rle m\u00fccadele \u00e7al\u0131\u015fmalar\u0131n\u0131 s\u00fcrd\u00fcrece\u011fini yineledi.<\/p>\n<p>Herhangi Bir D\u0131\u015f Taraf, Anayasay\u0131 Tart\u0131\u015fma Komitesi&#8217;nin \u00c7al\u0131\u015fmalar\u0131na M\u00fcdahale Etmekten Veya \u00c7al\u0131\u015fmalar\u0131n\u0131 Engellemeye \u00c7al\u0131\u015fmaktan Ka\u00e7\u0131nmal\u0131d\u0131r<\/p>\n<p>Suriye&#8217;nin Birle\u015fmi\u015f Milletler Daimi Temsilcisi Bessam Sabba\u011f, G\u00fcvenlik Konseyi&#8217;nin bir oturumunda yapt\u0131\u011f\u0131 s\u00e7\u0131klamada: Ge\u00e7en hafta Cenevre&#8217;deki Anayasa Tart\u0131\u015fma Komitesinin alt\u0131nc\u0131 turu toplant\u0131lar\u0131, ulusal heyetin ciddi kat\u0131l\u0131m\u0131n\u0131, \u00fcyeleri aras\u0131ndaki i\u015fbirli\u011fi ve pozitifli\u011fi ve Suriye halk\u0131n\u0131n \u00f6zlemlerine, ulusal egemenlik ve ba\u011f\u0131ms\u0131zl\u0131\u011f\u0131 koruma ve g\u00fcvenlik, istikrar ve sosyal ve ekonomik refah\u0131 sa\u011flama hak ve isteklerine yan\u0131t veren anayasal ilkeleri ortaya koyma konusundaki heveslerini g\u00f6sterdi.<\/p>\n<p>Sabba\u011f, ge\u00e7en \u00c7ar\u015famba sabah\u0131 \u015eam&#8217;da bir otob\u00fcs\u00fc hedef alan iki bomba d\u00fczene\u011fiyle yap\u0131lan patlaman\u0131n, komitenin anayasay\u0131 g\u00f6r\u00fc\u015fmek \u00fczere toplanmas\u0131yla ba\u011flant\u0131l\u0131 olarak, ter\u00f6r \u00f6rg\u00fctlerinin ve yabanc\u0131 sponsorlar\u0131n\u0131n siyasi bir \u00e7\u00f6z\u00fcm\u00fc engelleme ve Suriye devletinin t\u00fcm b\u00f6lgelerinde g\u00fcvenlik ve istikrar\u0131 yeniden sa\u011flama \u00e7abalar\u0131n\u0131 \u00f6nleme \u00e7abalar\u0131n\u0131n kan\u0131t\u0131 oldu\u011funu belirtti.<\/p>\n<p>Sabba\u011f, Suriye&#8217;nin, baz\u0131 Bat\u0131l\u0131 \u00fclkelerin, Rus heyetinin bu ter\u00f6r sald\u0131r\u0131s\u0131n\u0131 k\u0131namak i\u00e7in sundu\u011fu bir bas\u0131n a\u00e7\u0131klamas\u0131 tasla\u011f\u0131n\u0131n G\u00fcvenlik Konseyi taraf\u0131ndan kabul edilmesini engellemesinden duydu\u011fu \u00fcz\u00fcnt\u00fcy\u00fc dile getirdi.<\/p>\n<p>Sabba\u011f, Suriye&#8217;nin \u0130srail i\u015fgalinin topraklar\u0131na y\u00f6nelik sald\u0131r\u0131lar\u0131n\u0131 art\u0131rmas\u0131n\u0131 k\u0131nad\u0131\u011f\u0131n\u0131 yineledi.<\/p>\n<p>Sald\u0131r\u0131lar Ve Ter\u00f6r Eylemleri, Suriye&#8217;yi G\u00fcvenlik Ve \u0130stikrar\u0131 Yeniden Sa\u011flama \u00c7al\u0131\u015fmalar\u0131n\u0131 S\u00fcrd\u00fcrmekten Cayd\u0131rmayacak<\/p>\n<p>Suriye&#8217;nin Birle\u015fmi\u015f Milletler Daimi Temsilcisi, Suriye&#8217;nin siyasi \u00e7abalar\u0131na paralel olarak i\u015fgal alt\u0131ndaki topraklar\u0131n\u0131 kurtarmak ve ter\u00f6rle m\u00fccadele i\u00e7in \u00e7al\u0131\u015fmaya devam edece\u011fini vurgulad\u0131.<\/p>\n<p>Sabba\u011f, ABD ve Avrupa Birli\u011fi&#8217;nin Suriyelileri bo\u011fmak ve onlar\u0131 temel ihtiya\u00e7lar\u0131ndan yoksun b\u0131rakmak i\u00e7in s\u00fcrekli zorlay\u0131c\u0131 tedbirler dayatmas\u0131n\u0131n, onlar\u0131n insani kayg\u0131 iddialar\u0131yla \u00e7eli\u015fti\u011fine ve sahte sloganlar\u0131n\u0131 if\u015fa etti\u011fine dikkat \u00e7ekti.<\/p>\n<p>Suriye, Topraklar\u0131ndaki ABD ve T\u00fcrk g\u00fc\u00e7lerinin Yasad\u0131\u015f\u0131 Varl\u0131\u011f\u0131na Son Verme Talebini Yineliyor<\/p>\n<p>Sabba\u011f, Suriye&#8217;nin topraklar\u0131ndaki ABD ve T\u00fcrk g\u00fc\u00e7lerinin yasad\u0131\u015f\u0131 varl\u0131\u011f\u0131na son verme ve sald\u0131rgan uygulamalar\u0131n\u0131 ve \u00fclkenin ekonomik kaynaklar\u0131n\u0131 ve servetini ya\u011fmalamay\u0131 durdurma talebini ve ayr\u0131ca Suriye&#8217;ye dayat\u0131lan tek tarafl\u0131 zorlay\u0131c\u0131 yapt\u0131r\u0131mlar\u0131n derhal ve ko\u015fulsuz olarak kald\u0131r\u0131lmas\u0131 talebini yineledi.<\/p>\n","protected":false},"excerpt":{"rendered":"<p>NEW YORK \u2013 Suriye, Suriye-Suriye ulusal diyalo\u011funa dayal\u0131 siyasi bir \u00e7\u00f6z\u00fcme ula\u015fmak i\u00e7in y\u00fcr\u00fctt\u00fc\u011f\u00fc siyasi \u00e7abalara paralel olarak i\u015fgal edilen t\u00fcm topraklar\u0131 \u00f6zg\u00fcrle\u015ftirme ve ter\u00f6rle m\u00fccadele \u00e7al\u0131\u015fmalar\u0131n\u0131 s\u00fcrd\u00fcrece\u011fini yineledi. Herhangi Bir D\u0131\u015f Taraf, Anayasay\u0131 Tart\u0131\u015fma Komitesi&#8217;nin \u00c7al\u0131\u015fmalar\u0131na M\u00fcdahale Etmekten Veya \u00c7al\u0131\u015fmalar\u0131n\u0131 Engellemeye \u00c7al\u0131\u015fmaktan Ka\u00e7\u0131nmal\u0131d\u0131r Suriye&#8217;nin Birle\u015fmi\u015f Milletler Daimi Temsilcisi Bessam Sabba\u011f, G\u00fcvenlik Konseyi&#8217;nin bir oturumunda &hellip;<\/p>\n","protected":false},"author":36,"featured_media":245248,"comment_status":"closed","ping_status":"closed","sticky":false,"template":"","format":"standard","meta":{"footnotes":""},"categories":[458,459,17988],"tags":[],"class_list":["post-245247","post","type-post","status-publish","format-standard","has-post-thumbnail","","category-dunya1","category-haberler-arap-uluslararasi-politika","category-son-haberler"],"_links":{"self":[{"href":"https:\/\/archive.sana.sy\/tr\/index.php?rest_route=\/wp\/v2\/posts\/245247","targetHints":{"allow":["GET"]}}],"collection":[{"href":"https:\/\/archive.sana.sy\/tr\/index.php?rest_route=\/wp\/v2\/posts"}],"about":[{"href":"https:\/\/archive.sana.sy\/tr\/index.php?rest_route=\/wp\/v2\/types\/post"}],"author":[{"embeddable":true,"href":"https:\/\/archive.sana.sy\/tr\/index.php?rest_route=\/wp\/v2\/users\/36"}],"replies":[{"embeddable":true,"href":"https:\/\/archive.sana.sy\/tr\/index.php?rest_route=%2Fwp%2Fv2%2Fcomments&post=245247"}],"version-history":[{"count":0,"href":"https:\/\/archive.sana.sy\/tr\/index.php?rest_route=\/wp\/v2\/posts\/245247\/revisions"}],"wp:featuredmedia":[{"embeddable":true,"href":"https:\/\/archive.sana.sy\/tr\/index.php?rest_route=\/wp\/v2\/media\/245248"}],"wp:attachment":[{"href":"https:\/\/archive.sana.sy\/tr\/index.php?rest_route=%2Fwp%2Fv2%2Fmedia&parent=245247"}],"wp:term":[{"taxonomy":"category","embeddable":true,"href":"https:\/\/archive.sana.sy\/tr\/index.php?rest_route=%2Fwp%2Fv2%2Fcategories&post=245247"},{"taxonomy":"post_tag","embeddable":true,"href":"https:\/\/archive.sana.sy\/tr\/index.php?rest_route=%2Fwp%2Fv2%2Ftags&post=245247"}],"curies":[{"name":"wp","href":"https:\/\/api.w.org\/{rel}","templated":true}]}}