{"id":245256,"date":"2021-10-28T09:11:17","date_gmt":"2021-10-28T06:11:17","guid":{"rendered":"http:\/\/107.6.182.27\/tr\/?p=245256"},"modified":"2021-10-29T08:29:30","modified_gmt":"2021-10-29T06:29:30","slug":"bae-arap-yuzme-sampiyonasinda-suriyeye-ucuncu-altin-madalya","status":"publish","type":"post","link":"https:\/\/archive.sana.sy\/tr\/?p=245256","title":{"rendered":"BAE Arap Y\u00fczme \u015eampiyonas\u0131\u2019nda Suriye\u2019ye \u00fc\u00e7\u00fcnc\u00fc Alt\u0131n Madalya"},"content":{"rendered":"<p>ABU DAB\u0130 \u2013 Suriyeli Y\u00fcz\u00fcc\u00fc \u0130nana S\u00fcleyman, 16 Arap \u00fclkesinden 174 erkek ve kad\u0131n y\u00fcz\u00fcc\u00fcn\u00fcn kat\u0131l\u0131m\u0131yla BAE&#8217;nin ba\u015fkenti Abu Dabi&#8217;de d\u00fczenlenen Arap \u015eampiyonas\u0131nda \u00fc\u00e7\u00fcnc\u00fc alt\u0131n madalyas\u0131n\u0131 kazand\u0131.<\/p>\n<p>Y\u00fcz\u00fcc\u00fcm\u00fcz S\u00fcleyman, \u015fampiyonada \u00fc\u00e7\u00fcnc\u00fc alt\u0131n madalyas\u0131n\u0131 400 metre serbest y\u00fczme dal\u0131nda 4.30 dakika ile kazand\u0131.<\/p>\n","protected":false},"excerpt":{"rendered":"<p>ABU DAB\u0130 \u2013 Suriyeli Y\u00fcz\u00fcc\u00fc \u0130nana S\u00fcleyman, 16 Arap \u00fclkesinden 174 erkek ve kad\u0131n y\u00fcz\u00fcc\u00fcn\u00fcn kat\u0131l\u0131m\u0131yla BAE&#8217;nin ba\u015fkenti Abu Dabi&#8217;de d\u00fczenlenen Arap \u015eampiyonas\u0131nda \u00fc\u00e7\u00fcnc\u00fc alt\u0131n madalyas\u0131n\u0131 kazand\u0131. Y\u00fcz\u00fcc\u00fcm\u00fcz S\u00fcleyman, \u015fampiyonada \u00fc\u00e7\u00fcnc\u00fc alt\u0131n madalyas\u0131n\u0131 400 metre serbest y\u00fczme dal\u0131nda 4.30 dakika ile kazand\u0131.<\/p>\n","protected":false},"author":36,"featured_media":245257,"comment_status":"closed","ping_status":"closed","sticky":false,"template":"","format":"standard","meta":{"footnotes":""},"categories":[458,498,459,17988,496],"tags":[],"class_list":["post-245256","post","type-post","status-publish","format-standard","has-post-thumbnail","","category-dunya1","category-dunya-turnuvalari","category-haberler-arap-uluslararasi-politika","category-son-haberler","category-spor"],"_links":{"self":[{"href":"https:\/\/archive.sana.sy\/tr\/index.php?rest_route=\/wp\/v2\/posts\/245256","targetHints":{"allow":["GET"]}}],"collection":[{"href":"https:\/\/archive.sana.sy\/tr\/index.php?rest_route=\/wp\/v2\/posts"}],"about":[{"href":"https:\/\/archive.sana.sy\/tr\/index.php?rest_route=\/wp\/v2\/types\/post"}],"author":[{"embeddable":true,"href":"https:\/\/archive.sana.sy\/tr\/index.php?rest_route=\/wp\/v2\/users\/36"}],"replies":[{"embeddable":true,"href":"https:\/\/archive.sana.sy\/tr\/index.php?rest_route=%2Fwp%2Fv2%2Fcomments&post=245256"}],"version-history":[{"count":0,"href":"https:\/\/archive.sana.sy\/tr\/index.php?rest_route=\/wp\/v2\/posts\/245256\/revisions"}],"wp:featuredmedia":[{"embeddable":true,"href":"https:\/\/archive.sana.sy\/tr\/index.php?rest_route=\/wp\/v2\/media\/245257"}],"wp:attachment":[{"href":"https:\/\/archive.sana.sy\/tr\/index.php?rest_route=%2Fwp%2Fv2%2Fmedia&parent=245256"}],"wp:term":[{"taxonomy":"category","embeddable":true,"href":"https:\/\/archive.sana.sy\/tr\/index.php?rest_route=%2Fwp%2Fv2%2Fcategories&post=245256"},{"taxonomy":"post_tag","embeddable":true,"href":"https:\/\/archive.sana.sy\/tr\/index.php?rest_route=%2Fwp%2Fv2%2Ftags&post=245256"}],"curies":[{"name":"wp","href":"https:\/\/api.w.org\/{rel}","templated":true}]}}