{"id":245262,"date":"2021-10-28T11:39:29","date_gmt":"2021-10-28T08:39:29","guid":{"rendered":"http:\/\/107.6.182.27\/tr\/?p=245262"},"modified":"2021-10-29T08:29:07","modified_gmt":"2021-10-29T06:29:07","slug":"isid-teroristlerin-bulundugu-dsg-milislerinin-kontrolu-altindaki-el-gueran-hapishanesinde-isyan","status":"publish","type":"post","link":"https:\/\/archive.sana.sy\/tr\/?p=245262","title":{"rendered":"I\u015e\u0130D Ter\u00f6ristlerin Bulundu\u011fu DSG Milislerinin Kontrol\u00fc Alt\u0131ndaki El \u011eueran Hapishanesinde \u0130syan"},"content":{"rendered":"<p>HASEKE \u2013 Yerel kaynaklar, Haseke kentinde Amerikan i\u015fgal g\u00fc\u00e7leri taraf\u0131ndan desteklenen DSG milisleri taraf\u0131ndan kontrol edilen ve binlerce \u201cI\u015e\u0130D\u2019li\u201d ter\u00f6risti esir tutulan \u011eueran hapishanesinde kaos ve isyan \u00e7\u0131kt\u0131\u011f\u0131n\u0131, ard\u0131ndan hapishanede genel bir Ayaklanma ger\u00e7ekle\u015fti\u011fini belirtti.<\/p>\n<p>Kaynaklar, hapishanedeki itaatsizlik ve kaosun son saatlerde de devam etti\u011fini belirtirken, ABD i\u015fgal u\u00e7a\u011f\u0131n\u0131n al\u00e7ak irtifada u\u00e7u\u015fuyla birlikte hapishane \u00e7evresini kordon alt\u0131na alan DSG milislerinin alarm durumuna ge\u00e7ti\u011fine i\u015faret etti<\/p>\n","protected":false},"excerpt":{"rendered":"<p>HASEKE \u2013 Yerel kaynaklar, Haseke kentinde Amerikan i\u015fgal g\u00fc\u00e7leri taraf\u0131ndan desteklenen DSG milisleri taraf\u0131ndan kontrol edilen ve binlerce \u201cI\u015e\u0130D\u2019li\u201d ter\u00f6risti esir tutulan \u011eueran hapishanesinde kaos ve isyan \u00e7\u0131kt\u0131\u011f\u0131n\u0131, ard\u0131ndan hapishanede genel bir Ayaklanma ger\u00e7ekle\u015fti\u011fini belirtti. Kaynaklar, hapishanedeki itaatsizlik ve kaosun son saatlerde de devam etti\u011fini belirtirken, ABD i\u015fgal u\u00e7a\u011f\u0131n\u0131n al\u00e7ak irtifada u\u00e7u\u015fuyla birlikte hapishane \u00e7evresini &hellip;<\/p>\n","protected":false},"author":36,"featured_media":245263,"comment_status":"closed","ping_status":"closed","sticky":false,"template":"","format":"standard","meta":{"footnotes":""},"categories":[479,575,17988,478],"tags":[],"class_list":["post-245262","post","type-post","status-publish","format-standard","has-post-thumbnail","","category-haberler-yerel","category-olaylar-ve-gercekler","category-son-haberler","category-yerel"],"_links":{"self":[{"href":"https:\/\/archive.sana.sy\/tr\/index.php?rest_route=\/wp\/v2\/posts\/245262","targetHints":{"allow":["GET"]}}],"collection":[{"href":"https:\/\/archive.sana.sy\/tr\/index.php?rest_route=\/wp\/v2\/posts"}],"about":[{"href":"https:\/\/archive.sana.sy\/tr\/index.php?rest_route=\/wp\/v2\/types\/post"}],"author":[{"embeddable":true,"href":"https:\/\/archive.sana.sy\/tr\/index.php?rest_route=\/wp\/v2\/users\/36"}],"replies":[{"embeddable":true,"href":"https:\/\/archive.sana.sy\/tr\/index.php?rest_route=%2Fwp%2Fv2%2Fcomments&post=245262"}],"version-history":[{"count":0,"href":"https:\/\/archive.sana.sy\/tr\/index.php?rest_route=\/wp\/v2\/posts\/245262\/revisions"}],"wp:featuredmedia":[{"embeddable":true,"href":"https:\/\/archive.sana.sy\/tr\/index.php?rest_route=\/wp\/v2\/media\/245263"}],"wp:attachment":[{"href":"https:\/\/archive.sana.sy\/tr\/index.php?rest_route=%2Fwp%2Fv2%2Fmedia&parent=245262"}],"wp:term":[{"taxonomy":"category","embeddable":true,"href":"https:\/\/archive.sana.sy\/tr\/index.php?rest_route=%2Fwp%2Fv2%2Fcategories&post=245262"},{"taxonomy":"post_tag","embeddable":true,"href":"https:\/\/archive.sana.sy\/tr\/index.php?rest_route=%2Fwp%2Fv2%2Ftags&post=245262"}],"curies":[{"name":"wp","href":"https:\/\/api.w.org\/{rel}","templated":true}]}}