{"id":245266,"date":"2021-10-28T11:47:27","date_gmt":"2021-10-28T08:47:27","guid":{"rendered":"http:\/\/107.6.182.27\/tr\/?p=245266"},"modified":"2021-10-29T08:29:10","modified_gmt":"2021-10-29T06:29:10","slug":"cin-terorle-mucadelede-suriyeye-destegini-yeniledi","status":"publish","type":"post","link":"https:\/\/archive.sana.sy\/tr\/?p=245266","title":{"rendered":"\u00c7in Ter\u00f6rle M\u00fccadelede Suriye&#8217;ye Deste\u011fini Yeniledi"},"content":{"rendered":"<p>NEW YORK \u2013 \u00c7in&#8217;in Birle\u015fmi\u015f Milletler Daimi Temsilci Yard\u0131mc\u0131s\u0131 Geng Shuang, Suriye&#8217;ye dayat\u0131lan haks\u0131z zorlay\u0131c\u0131 yapt\u0131r\u0131mlar\u0131n kald\u0131r\u0131lmas\u0131, topraklar\u0131ndaki yasad\u0131\u015f\u0131 yabanc\u0131 varl\u0131\u011f\u0131na son verilmesi ve buradaki krizin siyasi \u00e7\u00f6z\u00fcm\u00fc i\u00e7in \u00e7abalara destek verilmesi gerekti\u011fini yineledi.<\/p>\n<p>BM G\u00fcvenlik Konseyi&#8217;nde yapt\u0131\u011f\u0131 konu\u015fmada Geng, &#8220;Suriye hala yabanc\u0131 i\u015fgalinden, tek tarafl\u0131 zorlay\u0131c\u0131 yapt\u0131r\u0131mlardan ve ter\u00f6rden muzdarip&#8221; diyerek, uluslararas\u0131 toplumun buradaki krizi \u00e7\u00f6zme \u00e7abalar\u0131yla \u00e7eli\u015fti\u011fi i\u00e7in, zorlay\u0131c\u0131 yapt\u0131r\u0131mlar\u0131n derhal kald\u0131r\u0131lmas\u0131 gere\u011fini vurgulad\u0131.<\/p>\n<p>Geng, \u00fclkesinin &#8220;insanl\u0131\u011fa kar\u015f\u0131 bir bela olu\u015fturan&#8221; ter\u00f6rle m\u00fccadelesinde Suriye&#8217;ye verdi\u011fi deste\u011fi dile getirdi.<\/p>\n<p>Geng ayr\u0131ca, g\u00fcvenlik Konseyi&#8217;ni Suriye&#8217;deki ter\u00f6rizme kar\u015f\u0131 net bir tav\u0131r almaya ve bu konudaki \u00e7ifte standart politikas\u0131n\u0131 reddetmeye \u00e7a\u011f\u0131rd\u0131.<\/p>\n<p>\u0130nsani durumla ilgili olarak, \u00c7in temsilcisi uluslararas\u0131 toplumu bu konuya yak\u0131ndan ilgilenmeye ve Suriye halk\u0131n\u0131n \u00e7e\u015fitli zorluklarla y\u00fczle\u015fmesine yard\u0131mc\u0131 olmaya \u00e7a\u011f\u0131rd\u0131.<\/p>\n","protected":false},"excerpt":{"rendered":"<p>NEW YORK \u2013 \u00c7in&#8217;in Birle\u015fmi\u015f Milletler Daimi Temsilci Yard\u0131mc\u0131s\u0131 Geng Shuang, Suriye&#8217;ye dayat\u0131lan haks\u0131z zorlay\u0131c\u0131 yapt\u0131r\u0131mlar\u0131n kald\u0131r\u0131lmas\u0131, topraklar\u0131ndaki yasad\u0131\u015f\u0131 yabanc\u0131 varl\u0131\u011f\u0131na son verilmesi ve buradaki krizin siyasi \u00e7\u00f6z\u00fcm\u00fc i\u00e7in \u00e7abalara destek verilmesi gerekti\u011fini yineledi. BM G\u00fcvenlik Konseyi&#8217;nde yapt\u0131\u011f\u0131 konu\u015fmada Geng, &#8220;Suriye hala yabanc\u0131 i\u015fgalinden, tek tarafl\u0131 zorlay\u0131c\u0131 yapt\u0131r\u0131mlardan ve ter\u00f6rden muzdarip&#8221; diyerek, uluslararas\u0131 toplumun buradaki &hellip;<\/p>\n","protected":false},"author":36,"featured_media":245267,"comment_status":"closed","ping_status":"closed","sticky":false,"template":"","format":"standard","meta":{"footnotes":""},"categories":[458,459,17988],"tags":[],"class_list":["post-245266","post","type-post","status-publish","format-standard","has-post-thumbnail","","category-dunya1","category-haberler-arap-uluslararasi-politika","category-son-haberler"],"_links":{"self":[{"href":"https:\/\/archive.sana.sy\/tr\/index.php?rest_route=\/wp\/v2\/posts\/245266","targetHints":{"allow":["GET"]}}],"collection":[{"href":"https:\/\/archive.sana.sy\/tr\/index.php?rest_route=\/wp\/v2\/posts"}],"about":[{"href":"https:\/\/archive.sana.sy\/tr\/index.php?rest_route=\/wp\/v2\/types\/post"}],"author":[{"embeddable":true,"href":"https:\/\/archive.sana.sy\/tr\/index.php?rest_route=\/wp\/v2\/users\/36"}],"replies":[{"embeddable":true,"href":"https:\/\/archive.sana.sy\/tr\/index.php?rest_route=%2Fwp%2Fv2%2Fcomments&post=245266"}],"version-history":[{"count":0,"href":"https:\/\/archive.sana.sy\/tr\/index.php?rest_route=\/wp\/v2\/posts\/245266\/revisions"}],"wp:featuredmedia":[{"embeddable":true,"href":"https:\/\/archive.sana.sy\/tr\/index.php?rest_route=\/wp\/v2\/media\/245267"}],"wp:attachment":[{"href":"https:\/\/archive.sana.sy\/tr\/index.php?rest_route=%2Fwp%2Fv2%2Fmedia&parent=245266"}],"wp:term":[{"taxonomy":"category","embeddable":true,"href":"https:\/\/archive.sana.sy\/tr\/index.php?rest_route=%2Fwp%2Fv2%2Fcategories&post=245266"},{"taxonomy":"post_tag","embeddable":true,"href":"https:\/\/archive.sana.sy\/tr\/index.php?rest_route=%2Fwp%2Fv2%2Ftags&post=245266"}],"curies":[{"name":"wp","href":"https:\/\/api.w.org\/{rel}","templated":true}]}}