{"id":245275,"date":"2021-10-28T16:31:53","date_gmt":"2021-10-28T13:31:53","guid":{"rendered":"http:\/\/107.6.182.27\/tr\/?p=245275"},"modified":"2021-10-29T12:01:42","modified_gmt":"2021-10-29T10:01:42","slug":"esad-yedek-subay-astsubay-ve-fertlerin-askerlige-cagrilmalari-ve-korunmalarini-sona-erdiren-idari-emir-cikardi","status":"publish","type":"post","link":"https:\/\/archive.sana.sy\/tr\/?p=245275","title":{"rendered":"Esad, Yedek Subay, Astsubay Ve Fertlerin Askerli\u011fe \u00c7a\u011fr\u0131lmalar\u0131 Ve Korunmalar\u0131n\u0131 Sona Erdiren \u0130dari Emir \u00c7\u0131kard\u0131"},"content":{"rendered":"<p style=\"text-align: justify;\">\u015eAM \u2013 Say\u0131n Cumhurba\u015fkan\u0131, Ordu ve Silahl\u0131 Kuvvetler Ba\u015fkomutan\u0131 Korgeneral Bei\u015far Esad, 1-1-2022 tarihinden itibaren yedek subaylar, astsubaylar ve personelin al\u0131konulmas\u0131na ve geri \u00e7a\u011fr\u0131lmas\u0131na son vermek i\u00e7in idari bir emir yay\u0131nlad\u0131.<\/p>\n<p style=\"text-align: justify;\">\u0130dari emir, fiili yedek hizmeti 31-12-2021 tarihine kadar iki y\u0131l veya daha fazla olan yedek hizmette tutulan ve kay\u0131tl\u0131 olan personeli i\u00e7erdi.<\/p>\n<p style=\"text-align: justify;\">\u0130dari emir ayr\u0131ca, 31-12-2021 dahil tarihine kadar fiili hizmetleri 2 y\u0131l ve \u00fczeri olan ve hizmetlerinden feragat edilmesi imkan\u0131 gere\u011fince t\u0131p hizmetleri idaresinde uzman t\u0131p doktorlar\u0131n\u0131 da kapsad\u0131.<\/p>\n<p style=\"text-align: justify;\">\u0130dari emir gere\u011fince ayr\u0131ca, astsubay ve yedek personelin MS. 1-1-2022 tarihinden itibaren: Yedek Subay, astsubay ve personelin, fiili yedek hizmeti MS 31-12-2021 tarihine kadar 6 bu\u00e7uk y\u0131ldan az olmayan &#8220;yedek hizmette tutulan ve kay\u0131tl\u0131&#8221; ki\u015filerin ihtifaz ve istidalar\u0131n\u0131n sona erdirilmesini de i\u00e7erdi.<\/p>\n<p style=\"text-align: justify;\">\n","protected":false},"excerpt":{"rendered":"<p>\u015eAM \u2013 Say\u0131n Cumhurba\u015fkan\u0131, Ordu ve Silahl\u0131 Kuvvetler Ba\u015fkomutan\u0131 Korgeneral Bei\u015far Esad, 1-1-2022 tarihinden itibaren yedek subaylar, astsubaylar ve personelin al\u0131konulmas\u0131na ve geri \u00e7a\u011fr\u0131lmas\u0131na son vermek i\u00e7in idari bir emir yay\u0131nlad\u0131. \u0130dari emir, fiili yedek hizmeti 31-12-2021 tarihine kadar iki y\u0131l veya daha fazla olan yedek hizmette tutulan ve kay\u0131tl\u0131 olan personeli i\u00e7erdi. \u0130dari emir &hellip;<\/p>\n","protected":false},"author":1,"featured_media":245276,"comment_status":"closed","ping_status":"closed","sticky":false,"template":"","format":"standard","meta":{"footnotes":""},"categories":[479,605,17988,612,599,478],"tags":[],"class_list":["post-245275","post","type-post","status-publish","format-standard","has-post-thumbnail","","category-haberler-yerel","category-sayin-cumhurbaskani","category-son-haberler","category-yasama-kararnameler","category-yasama-ve-kanunlar","category-yerel"],"_links":{"self":[{"href":"https:\/\/archive.sana.sy\/tr\/index.php?rest_route=\/wp\/v2\/posts\/245275","targetHints":{"allow":["GET"]}}],"collection":[{"href":"https:\/\/archive.sana.sy\/tr\/index.php?rest_route=\/wp\/v2\/posts"}],"about":[{"href":"https:\/\/archive.sana.sy\/tr\/index.php?rest_route=\/wp\/v2\/types\/post"}],"author":[{"embeddable":true,"href":"https:\/\/archive.sana.sy\/tr\/index.php?rest_route=\/wp\/v2\/users\/1"}],"replies":[{"embeddable":true,"href":"https:\/\/archive.sana.sy\/tr\/index.php?rest_route=%2Fwp%2Fv2%2Fcomments&post=245275"}],"version-history":[{"count":0,"href":"https:\/\/archive.sana.sy\/tr\/index.php?rest_route=\/wp\/v2\/posts\/245275\/revisions"}],"wp:featuredmedia":[{"embeddable":true,"href":"https:\/\/archive.sana.sy\/tr\/index.php?rest_route=\/wp\/v2\/media\/245276"}],"wp:attachment":[{"href":"https:\/\/archive.sana.sy\/tr\/index.php?rest_route=%2Fwp%2Fv2%2Fmedia&parent=245275"}],"wp:term":[{"taxonomy":"category","embeddable":true,"href":"https:\/\/archive.sana.sy\/tr\/index.php?rest_route=%2Fwp%2Fv2%2Fcategories&post=245275"},{"taxonomy":"post_tag","embeddable":true,"href":"https:\/\/archive.sana.sy\/tr\/index.php?rest_route=%2Fwp%2Fv2%2Ftags&post=245275"}],"curies":[{"name":"wp","href":"https:\/\/api.w.org\/{rel}","templated":true}]}}