{"id":245278,"date":"2021-10-28T17:10:29","date_gmt":"2021-10-28T14:10:29","guid":{"rendered":"http:\/\/107.6.182.27\/tr\/?p=245278"},"modified":"2021-10-30T08:15:04","modified_gmt":"2021-10-30T06:15:04","slug":"amerikan-ve-turk-isgallerine-karsi-kamisli-kirsalinda-ulusal-protesto-durusu","status":"publish","type":"post","link":"https:\/\/archive.sana.sy\/tr\/?p=245278","title":{"rendered":"Amerikan Ve T\u00fcrk \u0130\u015fgallerine Kar\u015f\u0131 Kam\u0131\u015fl\u0131 K\u0131rsal\u0131nda Ulusal Protesto Duru\u015fu"},"content":{"rendered":"<p style=\"text-align: justify;\">HASEKE &#8211; Kam\u0131\u015fl\u0131 k\u0131rsal\u0131ndaki Safiye k\u00f6y\u00fc halk\u0131, Amerikan ve T\u00fcrk i\u015fgallerini reddetmek i\u00e7in ulusal protesto duru\u015fu d\u00fczenledi, g\u00f6steride g\u00fc\u00e7lerinin b\u00f6lgenin g\u00fcvenli\u011fini bozan ve kaynaklar\u0131n\u0131 ya\u011fmalayan yasad\u0131\u015f\u0131 varl\u0131\u011f\u0131n\u0131 k\u0131nad\u0131lar.<\/p>\n<p style=\"text-align: justify;\">G\u00f6steri s\u0131ras\u0131nda halk, Amerikan ve T\u00fcrk i\u015fgal g\u00fc\u00e7lerinin yasad\u0131\u015f\u0131 varl\u0131\u011f\u0131n\u0131 k\u0131nayan ulusal bayraklar ve pankartlar kald\u0131rd\u0131, i\u015fgal g\u00fc\u00e7leri ve kiral\u0131klar\u0131na kar\u015f\u0131 sloganlar att\u0131.<\/p>\n<p style=\"text-align: justify;\">SANA muhabirine yapt\u0131\u011f\u0131 a\u00e7\u0131klamada, &#8220;Al Ra\u015fid&#8221; a\u015firetinden \u015eeyh H\u00fcseyin Al Hasso, Suriyeli El Cezire halk\u0131n\u0131n &#8220;Suriye&#8217;deki yasad\u0131\u015f\u0131 varl\u0131klarla d\u0131\u015f m\u00fcdahaleye kar\u015f\u0131 birlik i\u00e7inde oldu\u011funu&#8221; belirterek, &#8220;T\u00fcm bile\u015fenleriyle Suriye halk\u0131, Amerikan ve T\u00fcrk varl\u0131\u011f\u0131n\u0131 reddediyor,Tel Temr ve Rasul Ayn&#8217;daki halk\u0131m\u0131za y\u00f6nelik vah\u015fi uygulamalar\u0131 k\u0131nad\u0131kklar\u0131na&#8221; dikkat \u00e7ekti.<\/p>\n<p style=\"text-align: justify;\">Buna kar\u015f\u0131l\u0131k Tayy Arap kabilesinin Al \u011eanname a\u015firetinden Hasan Sallumi, b\u00f6lge halk\u0131n\u0131n &#8220;Suriye Arap Ordusuna g\u00fcveniyorlar ve onu g\u00fcvenlik ve huzuru yeniden tesis edebilecek, ter\u00f6rizmi ortadan kald\u0131rabilecek tek ulusal kurum olarak g\u00f6rd\u00fcklerini, Suriye&#8217;nin servetini \u00e7almaya ve ya\u011fmalamaya devam etmek i\u00e7in b\u00f6lgeyi par\u00e7alamak ve Amerikal\u0131 i\u015fgalcinin hizmetinde bir kaosa s\u00fcr\u00fcklemeyi ama\u00e7layan t\u00fcm ayr\u0131l\u0131k\u00e7\u0131 planlara kar\u015f\u0131 durduklar\u0131n\u0131&#8221; vurgulad\u0131.<\/p>\n<p style=\"text-align: justify;\">\n","protected":false},"excerpt":{"rendered":"<p>HASEKE &#8211; Kam\u0131\u015fl\u0131 k\u0131rsal\u0131ndaki Safiye k\u00f6y\u00fc halk\u0131, Amerikan ve T\u00fcrk i\u015fgallerini reddetmek i\u00e7in ulusal protesto duru\u015fu d\u00fczenledi, g\u00f6steride g\u00fc\u00e7lerinin b\u00f6lgenin g\u00fcvenli\u011fini bozan ve kaynaklar\u0131n\u0131 ya\u011fmalayan yasad\u0131\u015f\u0131 varl\u0131\u011f\u0131n\u0131 k\u0131nad\u0131lar. G\u00f6steri s\u0131ras\u0131nda halk, Amerikan ve T\u00fcrk i\u015fgal g\u00fc\u00e7lerinin yasad\u0131\u015f\u0131 varl\u0131\u011f\u0131n\u0131 k\u0131nayan ulusal bayraklar ve pankartlar kald\u0131rd\u0131, i\u015fgal g\u00fc\u00e7leri ve kiral\u0131klar\u0131na kar\u015f\u0131 sloganlar att\u0131. SANA muhabirine yapt\u0131\u011f\u0131 a\u00e7\u0131klamada, &hellip;<\/p>\n","protected":false},"author":1,"featured_media":245279,"comment_status":"closed","ping_status":"closed","sticky":false,"template":"","format":"standard","meta":{"footnotes":""},"categories":[479,17988,2554,2555,478],"tags":[],"class_list":["post-245278","post","type-post","status-publish","format-standard","has-post-thumbnail","","category-haberler-yerel","category-son-haberler","category-suriye-ve-dunya","category-suriye-ve-turkiye","category-yerel"],"_links":{"self":[{"href":"https:\/\/archive.sana.sy\/tr\/index.php?rest_route=\/wp\/v2\/posts\/245278","targetHints":{"allow":["GET"]}}],"collection":[{"href":"https:\/\/archive.sana.sy\/tr\/index.php?rest_route=\/wp\/v2\/posts"}],"about":[{"href":"https:\/\/archive.sana.sy\/tr\/index.php?rest_route=\/wp\/v2\/types\/post"}],"author":[{"embeddable":true,"href":"https:\/\/archive.sana.sy\/tr\/index.php?rest_route=\/wp\/v2\/users\/1"}],"replies":[{"embeddable":true,"href":"https:\/\/archive.sana.sy\/tr\/index.php?rest_route=%2Fwp%2Fv2%2Fcomments&post=245278"}],"version-history":[{"count":0,"href":"https:\/\/archive.sana.sy\/tr\/index.php?rest_route=\/wp\/v2\/posts\/245278\/revisions"}],"wp:featuredmedia":[{"embeddable":true,"href":"https:\/\/archive.sana.sy\/tr\/index.php?rest_route=\/wp\/v2\/media\/245279"}],"wp:attachment":[{"href":"https:\/\/archive.sana.sy\/tr\/index.php?rest_route=%2Fwp%2Fv2%2Fmedia&parent=245278"}],"wp:term":[{"taxonomy":"category","embeddable":true,"href":"https:\/\/archive.sana.sy\/tr\/index.php?rest_route=%2Fwp%2Fv2%2Fcategories&post=245278"},{"taxonomy":"post_tag","embeddable":true,"href":"https:\/\/archive.sana.sy\/tr\/index.php?rest_route=%2Fwp%2Fv2%2Ftags&post=245278"}],"curies":[{"name":"wp","href":"https:\/\/api.w.org\/{rel}","templated":true}]}}