{"id":245281,"date":"2021-10-28T17:11:51","date_gmt":"2021-10-28T14:11:51","guid":{"rendered":"http:\/\/107.6.182.27\/tr\/?p=245281"},"modified":"2021-10-30T08:15:06","modified_gmt":"2021-10-30T06:15:06","slug":"iki-ulke-arasindaki-stratejik-isbirligini-gelistirmek-icin-suriye-iran-gorusmeleri","status":"publish","type":"post","link":"https:\/\/archive.sana.sy\/tr\/?p=245281","title":{"rendered":"\u0130ki \u00dclke Aras\u0131ndaki Stratejik \u0130\u015fbirli\u011fini Geli\u015ftirmek \u0130\u00e7in Suriye-\u0130ran G\u00f6r\u00fc\u015fmeleri"},"content":{"rendered":"<p style=\"text-align: justify;\">TAHRAN &#8211; \u0130ranl\u0131 Yollar Ve \u015eehirlerin \u0130n\u015fas\u0131 Bakan\u0131, \u0130ran taraf\u0131ndan Ortak Bakanlar Komitesi Ba\u015fkan\u0131 M\u00fchendis R\u00fcstem Kasimi, Suriye&#8217;nin Tahran B\u00fcy\u00fckel\u00e7isi Dr. \u015eefik Deyyub ile ticaret, yat\u0131r\u0131m, tar\u0131m, ula\u015ft\u0131rma, ula\u015f\u0131m ve enerji alanlar\u0131nda mevcut ve gelecekteki a\u015faman\u0131n gereksinimlerine hizmet etmek ve iki dost \u00fclke ve halk\u0131n \u00e7\u0131karlar\u0131n\u0131 ger\u00e7ekle\u015ftirmeki\u00e7in iki \u00fclke aras\u0131ndaki ekonomik alanda stratejik i\u015fbirli\u011fini geli\u015ftirmenin yollar\u0131n\u0131 ele ald\u0131.<\/p>\n<p style=\"text-align: justify;\">G\u00f6r\u00fc\u015fmede Kas\u0131mi, Suriye-\u0130ran ili\u015fkilerinin \u00f6nemine vurgu yaparak, &#8220;Bu ili\u015fkiler durdurulamaz veya kimse onlara zarar veremez, \u00e7\u00fcnk\u00fc Suriyelilerin ve \u0130ranl\u0131lar\u0131n kan\u0131yla y\u0131kand\u0131\u011f\u0131n\u0131 ve ter\u00f6re kar\u015f\u0131 zafer kazand\u0131larn\u0131&#8221; s\u00f6yleyerek, yeni \u0130ran h\u00fck\u00fcmetinin, iki \u00fclkenin isteklerini ger\u00e7ekle\u015ftirmek ve iki dost halk\u0131n \u00e7\u0131karlar\u0131na hizmet etmek i\u00e7in her alanda Suriye ile i\u015fbirli\u011fini geli\u015ftirmeye kararl\u0131 oldu\u011funu vurgulad\u0131.<\/p>\n<p style=\"text-align: justify;\">Buna kar\u015f\u0131l\u0131k B\u00fcy\u00fckel\u00e7i Deyyub, \u00e7e\u015fitli alanlarda imzalanan anla\u015fmalar\u0131n, mutabakat muht\u0131ralar\u0131n\u0131n uygulanmas\u0131 ve etkinle\u015ftirilmesi yoluyla bir sonraki a\u015famada iki \u00fclke aras\u0131ndaki ortak i\u015fbirli\u011fini geli\u015ftirmek i\u00e7in anlaml\u0131 planlar geli\u015ftirmenin \u00f6nemini vurgulayarak, \u00fc\u00e7 \u00fclkenin \u00e7\u0131karlar\u0131na hizmet etmek i\u00e7in karde\u015f Irak ile i\u015fbirli\u011fi ve koordinasyon i\u00e7inde iki \u00fclke aras\u0131ndaki ticaret ve mal ak\u0131\u015f\u0131n\u0131 kolayla\u015ft\u0131racak \u015fekilde transit, ula\u015f\u0131m ve ortak demiryolu ve kara ba\u011flant\u0131lar\u0131n\u0131n kolayla\u015ft\u0131r\u0131lmas\u0131 i\u00e7in \u00e7al\u0131\u015fma ihtiyac\u0131na i\u015faret etti.<\/p>\n<p style=\"text-align: justify;\">B\u00fcy\u00fckel\u00e7i Deyyub, Suriye ordusu ve halk\u0131n\u0131n fedakarl\u0131klar\u0131 sayesinde Suriye&#8217;ye g\u00fcvenli\u011fin ve emniyetin geri verilmesi ba\u015fta olmak \u00fczere, iki \u00fclke aras\u0131nda mevcut ortak komitelerin \u00e7al\u0131\u015fmalar\u0131n\u0131n etkinle\u015ftirilmesinin ve Suriye ordusunun \u00e7abalar\u0131 \u0131\u015f\u0131\u011f\u0131nda H\u00fck\u00fcmetin ekonomiyi canland\u0131raca\u011f\u0131n\u0131 belirterek, Suriye-\u0130ran ili\u015fkilerinin s\u00fcrekli g\u00fc\u00e7lendi\u011fini vurgulad\u0131.<\/p>\n","protected":false},"excerpt":{"rendered":"<p>TAHRAN &#8211; \u0130ranl\u0131 Yollar Ve \u015eehirlerin \u0130n\u015fas\u0131 Bakan\u0131, \u0130ran taraf\u0131ndan Ortak Bakanlar Komitesi Ba\u015fkan\u0131 M\u00fchendis R\u00fcstem Kasimi, Suriye&#8217;nin Tahran B\u00fcy\u00fckel\u00e7isi Dr. \u015eefik Deyyub ile ticaret, yat\u0131r\u0131m, tar\u0131m, ula\u015ft\u0131rma, ula\u015f\u0131m ve enerji alanlar\u0131nda mevcut ve gelecekteki a\u015faman\u0131n gereksinimlerine hizmet etmek ve iki dost \u00fclke ve halk\u0131n \u00e7\u0131karlar\u0131n\u0131 ger\u00e7ekle\u015ftirmeki\u00e7in iki \u00fclke aras\u0131ndaki ekonomik alanda stratejik i\u015fbirli\u011fini geli\u015ftirmenin &hellip;<\/p>\n","protected":false},"author":1,"featured_media":245282,"comment_status":"closed","ping_status":"closed","sticky":false,"template":"","format":"standard","meta":{"footnotes":""},"categories":[458,459,17988],"tags":[],"class_list":["post-245281","post","type-post","status-publish","format-standard","has-post-thumbnail","","category-dunya1","category-haberler-arap-uluslararasi-politika","category-son-haberler"],"_links":{"self":[{"href":"https:\/\/archive.sana.sy\/tr\/index.php?rest_route=\/wp\/v2\/posts\/245281","targetHints":{"allow":["GET"]}}],"collection":[{"href":"https:\/\/archive.sana.sy\/tr\/index.php?rest_route=\/wp\/v2\/posts"}],"about":[{"href":"https:\/\/archive.sana.sy\/tr\/index.php?rest_route=\/wp\/v2\/types\/post"}],"author":[{"embeddable":true,"href":"https:\/\/archive.sana.sy\/tr\/index.php?rest_route=\/wp\/v2\/users\/1"}],"replies":[{"embeddable":true,"href":"https:\/\/archive.sana.sy\/tr\/index.php?rest_route=%2Fwp%2Fv2%2Fcomments&post=245281"}],"version-history":[{"count":0,"href":"https:\/\/archive.sana.sy\/tr\/index.php?rest_route=\/wp\/v2\/posts\/245281\/revisions"}],"wp:featuredmedia":[{"embeddable":true,"href":"https:\/\/archive.sana.sy\/tr\/index.php?rest_route=\/wp\/v2\/media\/245282"}],"wp:attachment":[{"href":"https:\/\/archive.sana.sy\/tr\/index.php?rest_route=%2Fwp%2Fv2%2Fmedia&parent=245281"}],"wp:term":[{"taxonomy":"category","embeddable":true,"href":"https:\/\/archive.sana.sy\/tr\/index.php?rest_route=%2Fwp%2Fv2%2Fcategories&post=245281"},{"taxonomy":"post_tag","embeddable":true,"href":"https:\/\/archive.sana.sy\/tr\/index.php?rest_route=%2Fwp%2Fv2%2Ftags&post=245281"}],"curies":[{"name":"wp","href":"https:\/\/api.w.org\/{rel}","templated":true}]}}