{"id":245294,"date":"2021-10-29T09:33:26","date_gmt":"2021-10-29T07:33:26","guid":{"rendered":"http:\/\/107.6.182.27\/tr\/?p=245294"},"modified":"2021-10-31T08:18:06","modified_gmt":"2021-10-31T06:18:06","slug":"israil-isgal-gucleri-bati-yakada-8-filistinliyi-tutukladi-2","status":"publish","type":"post","link":"https:\/\/archive.sana.sy\/tr\/?p=245294","title":{"rendered":"\u0130srail \u0130\u015fgal G\u00fc\u00e7leri, Bat\u0131 Yaka\u2019da 8 Filistinliyi Tutuklad\u0131"},"content":{"rendered":"<p>\u0130\u015eGAL ALTINDAK\u0130 KUD\u00dcS \u2013 \u0130srail i\u015fgal g\u00fc\u00e7leri, Bat\u0131 Yaka\u2019n\u0131n farkl\u0131 b\u00f6lgelerinde 8 Filistinliyi tutuklad\u0131.<\/p>\n<p>Filistin Medyas\u0131, \u0130srail i\u015fgal g\u00fc\u00e7lerinin, Ramallah, Kalk\u0131yla ve Cenin\u2019deki birka\u00e7 mahalleye ve Nablus\u2019teki Asker kamp\u0131na bask\u0131n d\u00fczenledi\u011fini belirtirken, 8 Filistinliyi tutuklad\u0131\u011f\u0131na i\u015faret etti.<\/p>\n","protected":false},"excerpt":{"rendered":"<p>\u0130\u015eGAL ALTINDAK\u0130 KUD\u00dcS \u2013 \u0130srail i\u015fgal g\u00fc\u00e7leri, Bat\u0131 Yaka\u2019n\u0131n farkl\u0131 b\u00f6lgelerinde 8 Filistinliyi tutuklad\u0131. Filistin Medyas\u0131, \u0130srail i\u015fgal g\u00fc\u00e7lerinin, Ramallah, Kalk\u0131yla ve Cenin\u2019deki birka\u00e7 mahalleye ve Nablus\u2019teki Asker kamp\u0131na bask\u0131n d\u00fczenledi\u011fini belirtirken, 8 Filistinliyi tutuklad\u0131\u011f\u0131na i\u015faret etti.<\/p>\n","protected":false},"author":36,"featured_media":244844,"comment_status":"closed","ping_status":"closed","sticky":false,"template":"","format":"standard","meta":{"footnotes":""},"categories":[458,459,17988],"tags":[],"class_list":["post-245294","post","type-post","status-publish","format-standard","has-post-thumbnail","","category-dunya1","category-haberler-arap-uluslararasi-politika","category-son-haberler"],"_links":{"self":[{"href":"https:\/\/archive.sana.sy\/tr\/index.php?rest_route=\/wp\/v2\/posts\/245294","targetHints":{"allow":["GET"]}}],"collection":[{"href":"https:\/\/archive.sana.sy\/tr\/index.php?rest_route=\/wp\/v2\/posts"}],"about":[{"href":"https:\/\/archive.sana.sy\/tr\/index.php?rest_route=\/wp\/v2\/types\/post"}],"author":[{"embeddable":true,"href":"https:\/\/archive.sana.sy\/tr\/index.php?rest_route=\/wp\/v2\/users\/36"}],"replies":[{"embeddable":true,"href":"https:\/\/archive.sana.sy\/tr\/index.php?rest_route=%2Fwp%2Fv2%2Fcomments&post=245294"}],"version-history":[{"count":0,"href":"https:\/\/archive.sana.sy\/tr\/index.php?rest_route=\/wp\/v2\/posts\/245294\/revisions"}],"wp:featuredmedia":[{"embeddable":true,"href":"https:\/\/archive.sana.sy\/tr\/index.php?rest_route=\/wp\/v2\/media\/244844"}],"wp:attachment":[{"href":"https:\/\/archive.sana.sy\/tr\/index.php?rest_route=%2Fwp%2Fv2%2Fmedia&parent=245294"}],"wp:term":[{"taxonomy":"category","embeddable":true,"href":"https:\/\/archive.sana.sy\/tr\/index.php?rest_route=%2Fwp%2Fv2%2Fcategories&post=245294"},{"taxonomy":"post_tag","embeddable":true,"href":"https:\/\/archive.sana.sy\/tr\/index.php?rest_route=%2Fwp%2Fv2%2Ftags&post=245294"}],"curies":[{"name":"wp","href":"https:\/\/api.w.org\/{rel}","templated":true}]}}