{"id":24531,"date":"2015-02-22T12:13:16","date_gmt":"2015-02-22T10:13:16","guid":{"rendered":"http:\/\/www.sana.sy\/tr\/?p=24531"},"modified":"2015-02-23T15:11:20","modified_gmt":"2015-02-23T13:11:20","slug":"homsta-silahlariyla-teslim-olan-103-kisi-serbest-birakildi","status":"publish","type":"post","link":"https:\/\/archive.sana.sy\/tr\/?p=24531","title":{"rendered":"Homs\u2019ta Silahlar\u0131yla Teslim Olan 103 Ki\u015fi Serbest B\u0131rak\u0131ld\u0131"},"content":{"rendered":"<p>HOMS \u2013 Homs Kentinin muhtelif semtleriyle birlikte k\u0131rsal\u0131n Resten, Telbise, Ksayr ve Telkelah b\u00f6lgelerinden daha \u00f6nce silahlar\u0131yla birlikte teslim olan 103 ki\u015fi bug\u00fcn serbest b\u0131rak\u0131ld\u0131.<\/p>\n<p>Homs Valili\u011finde bir kaynak s\u00f6z konusu ki\u015filerin serbest b\u0131rak\u0131lmadan \u00f6nce eylemlere kat\u0131lmaktan pi\u015fman olduklar\u0131n\u0131 ifade edip ulusal g\u00fcvenli\u011fi tehdit edecek herhangi bir eyleme kat\u0131lmama taahh\u00fcd\u00fc imzalad\u0131klar\u0131n\u0131 aktard\u0131.<\/p>\n<div id='gallery-1' class='gallery galleryid-24531 gallery-columns-3 gallery-size-thumbnail'><figure class='gallery-item'>\n\t\t\t<div class='gallery-icon landscape'>\n\t\t\t\t<a href='https:\/\/archive.sana.sy\/tr\/wp-content\/uploads\/2015\/02\/Teslim-Olan-103-Ki\u015finin-Durumlar\u0131-D\u00fczeltildi-Homs.jpg'><img loading=\"lazy\" decoding=\"async\" width=\"150\" height=\"100\" src=\"https:\/\/archive.sana.sy\/tr\/wp-content\/uploads\/2015\/02\/Teslim-Olan-103-Ki\u015finin-Durumlar\u0131-D\u00fczeltildi-Homs-150x100.jpg\" class=\"attachment-thumbnail size-thumbnail\" alt=\"\" srcset=\"https:\/\/archive.sana.sy\/tr\/wp-content\/uploads\/2015\/02\/Teslim-Olan-103-Ki\u015finin-Durumlar\u0131-D\u00fczeltildi-Homs-150x100.jpg 150w, https:\/\/archive.sana.sy\/tr\/wp-content\/uploads\/2015\/02\/Teslim-Olan-103-Ki\u015finin-Durumlar\u0131-D\u00fczeltildi-Homs-300x199.jpg 300w, https:\/\/archive.sana.sy\/tr\/wp-content\/uploads\/2015\/02\/Teslim-Olan-103-Ki\u015finin-Durumlar\u0131-D\u00fczeltildi-Homs-1024x680.jpg 1024w\" sizes=\"auto, (max-width: 150px) 100vw, 150px\" \/><\/a>\n\t\t\t<\/div><\/figure><figure class='gallery-item'>\n\t\t\t<div class='gallery-icon landscape'>\n\t\t\t\t<a href='https:\/\/archive.sana.sy\/tr\/wp-content\/uploads\/2015\/02\/Teslim-Olan-103-Ki\u015finin-Durumlar\u0131-D\u00fczeltildi-Homs-5.jpg'><img loading=\"lazy\" decoding=\"async\" width=\"150\" height=\"80\" src=\"https:\/\/archive.sana.sy\/tr\/wp-content\/uploads\/2015\/02\/Teslim-Olan-103-Ki\u015finin-Durumlar\u0131-D\u00fczeltildi-Homs-5-150x80.jpg\" class=\"attachment-thumbnail size-thumbnail\" alt=\"\" srcset=\"https:\/\/archive.sana.sy\/tr\/wp-content\/uploads\/2015\/02\/Teslim-Olan-103-Ki\u015finin-Durumlar\u0131-D\u00fczeltildi-Homs-5-150x80.jpg 150w, https:\/\/archive.sana.sy\/tr\/wp-content\/uploads\/2015\/02\/Teslim-Olan-103-Ki\u015finin-Durumlar\u0131-D\u00fczeltildi-Homs-5-300x160.jpg 300w, https:\/\/archive.sana.sy\/tr\/wp-content\/uploads\/2015\/02\/Teslim-Olan-103-Ki\u015finin-Durumlar\u0131-D\u00fczeltildi-Homs-5.jpg 620w\" sizes=\"auto, (max-width: 150px) 100vw, 150px\" \/><\/a>\n\t\t\t<\/div><\/figure><figure class='gallery-item'>\n\t\t\t<div class='gallery-icon landscape'>\n\t\t\t\t<a href='https:\/\/archive.sana.sy\/tr\/wp-content\/uploads\/2015\/02\/Teslim-Olan-103-Ki\u015finin-Durumlar\u0131-D\u00fczeltildi-Homs-4.jpg'><img loading=\"lazy\" decoding=\"async\" width=\"150\" height=\"100\" src=\"https:\/\/archive.sana.sy\/tr\/wp-content\/uploads\/2015\/02\/Teslim-Olan-103-Ki\u015finin-Durumlar\u0131-D\u00fczeltildi-Homs-4-150x100.jpg\" class=\"attachment-thumbnail size-thumbnail\" alt=\"\" srcset=\"https:\/\/archive.sana.sy\/tr\/wp-content\/uploads\/2015\/02\/Teslim-Olan-103-Ki\u015finin-Durumlar\u0131-D\u00fczeltildi-Homs-4-150x100.jpg 150w, https:\/\/archive.sana.sy\/tr\/wp-content\/uploads\/2015\/02\/Teslim-Olan-103-Ki\u015finin-Durumlar\u0131-D\u00fczeltildi-Homs-4-300x199.jpg 300w, https:\/\/archive.sana.sy\/tr\/wp-content\/uploads\/2015\/02\/Teslim-Olan-103-Ki\u015finin-Durumlar\u0131-D\u00fczeltildi-Homs-4-1024x680.jpg 1024w\" sizes=\"auto, (max-width: 150px) 100vw, 150px\" \/><\/a>\n\t\t\t<\/div><\/figure><figure class='gallery-item'>\n\t\t\t<div class='gallery-icon landscape'>\n\t\t\t\t<a href='https:\/\/archive.sana.sy\/tr\/wp-content\/uploads\/2015\/02\/Teslim-Olan-103-Ki\u015finin-Durumlar\u0131-D\u00fczeltildi-Homs-3.jpg'><img loading=\"lazy\" decoding=\"async\" width=\"150\" height=\"100\" src=\"https:\/\/archive.sana.sy\/tr\/wp-content\/uploads\/2015\/02\/Teslim-Olan-103-Ki\u015finin-Durumlar\u0131-D\u00fczeltildi-Homs-3-150x100.jpg\" class=\"attachment-thumbnail size-thumbnail\" alt=\"\" srcset=\"https:\/\/archive.sana.sy\/tr\/wp-content\/uploads\/2015\/02\/Teslim-Olan-103-Ki\u015finin-Durumlar\u0131-D\u00fczeltildi-Homs-3-150x100.jpg 150w, https:\/\/archive.sana.sy\/tr\/wp-content\/uploads\/2015\/02\/Teslim-Olan-103-Ki\u015finin-Durumlar\u0131-D\u00fczeltildi-Homs-3-300x199.jpg 300w, https:\/\/archive.sana.sy\/tr\/wp-content\/uploads\/2015\/02\/Teslim-Olan-103-Ki\u015finin-Durumlar\u0131-D\u00fczeltildi-Homs-3-1024x680.jpg 1024w\" sizes=\"auto, (max-width: 150px) 100vw, 150px\" \/><\/a>\n\t\t\t<\/div><\/figure><figure class='gallery-item'>\n\t\t\t<div class='gallery-icon landscape'>\n\t\t\t\t<a href='https:\/\/archive.sana.sy\/tr\/wp-content\/uploads\/2015\/02\/Teslim-Olan-103-Ki\u015finin-Durumlar\u0131-D\u00fczeltildi-Homs-2.jpg'><img loading=\"lazy\" decoding=\"async\" width=\"150\" height=\"100\" src=\"https:\/\/archive.sana.sy\/tr\/wp-content\/uploads\/2015\/02\/Teslim-Olan-103-Ki\u015finin-Durumlar\u0131-D\u00fczeltildi-Homs-2-150x100.jpg\" class=\"attachment-thumbnail size-thumbnail\" alt=\"\" srcset=\"https:\/\/archive.sana.sy\/tr\/wp-content\/uploads\/2015\/02\/Teslim-Olan-103-Ki\u015finin-Durumlar\u0131-D\u00fczeltildi-Homs-2-150x100.jpg 150w, https:\/\/archive.sana.sy\/tr\/wp-content\/uploads\/2015\/02\/Teslim-Olan-103-Ki\u015finin-Durumlar\u0131-D\u00fczeltildi-Homs-2-300x199.jpg 300w, https:\/\/archive.sana.sy\/tr\/wp-content\/uploads\/2015\/02\/Teslim-Olan-103-Ki\u015finin-Durumlar\u0131-D\u00fczeltildi-Homs-2-1024x680.jpg 1024w\" sizes=\"auto, (max-width: 150px) 100vw, 150px\" \/><\/a>\n\t\t\t<\/div><\/figure><figure class='gallery-item'>\n\t\t\t<div class='gallery-icon landscape'>\n\t\t\t\t<a href='https:\/\/archive.sana.sy\/tr\/wp-content\/uploads\/2015\/02\/Teslim-Olan-103-Ki\u015finin-Durumlar\u0131-D\u00fczeltildi-Homs-1.jpg'><img loading=\"lazy\" decoding=\"async\" width=\"150\" height=\"100\" src=\"https:\/\/archive.sana.sy\/tr\/wp-content\/uploads\/2015\/02\/Teslim-Olan-103-Ki\u015finin-Durumlar\u0131-D\u00fczeltildi-Homs-1-150x100.jpg\" class=\"attachment-thumbnail size-thumbnail\" alt=\"\" srcset=\"https:\/\/archive.sana.sy\/tr\/wp-content\/uploads\/2015\/02\/Teslim-Olan-103-Ki\u015finin-Durumlar\u0131-D\u00fczeltildi-Homs-1-150x100.jpg 150w, https:\/\/archive.sana.sy\/tr\/wp-content\/uploads\/2015\/02\/Teslim-Olan-103-Ki\u015finin-Durumlar\u0131-D\u00fczeltildi-Homs-1-300x199.jpg 300w, https:\/\/archive.sana.sy\/tr\/wp-content\/uploads\/2015\/02\/Teslim-Olan-103-Ki\u015finin-Durumlar\u0131-D\u00fczeltildi-Homs-1-1024x680.jpg 1024w\" sizes=\"auto, (max-width: 150px) 100vw, 150px\" \/><\/a>\n\t\t\t<\/div><\/figure>\n\t\t<\/div>\n\n<p>A.A. &#8211; R.H.<\/p>\n","protected":false},"excerpt":{"rendered":"<p>HOMS \u2013 Homs Kentinin muhtelif semtleriyle birlikte k\u0131rsal\u0131n Resten, Telbise, Ksayr ve Telkelah b\u00f6lgelerinden daha \u00f6nce silahlar\u0131yla birlikte teslim olan 103 ki\u015fi bug\u00fcn serbest b\u0131rak\u0131ld\u0131. Homs Valili\u011finde bir kaynak s\u00f6z konusu ki\u015filerin serbest b\u0131rak\u0131lmadan \u00f6nce eylemlere kat\u0131lmaktan pi\u015fman olduklar\u0131n\u0131 ifade edip ulusal g\u00fcvenli\u011fi tehdit edecek herhangi bir eyleme kat\u0131lmama taahh\u00fcd\u00fc imzalad\u0131klar\u0131n\u0131 aktard\u0131. A.A. &#8211; R.H.<\/p>\n","protected":false},"author":1,"featured_media":24616,"comment_status":"closed","ping_status":"closed","sticky":false,"template":"","format":"standard","meta":{"footnotes":""},"categories":[575],"tags":[11717,11718,2283],"class_list":["post-24531","post","type-post","status-publish","format-standard","has-post-thumbnail","","category-olaylar-ve-gercekler","tag-homs-homs-kentinin-muhtelif-semtleriyle-birlikte-kirsalin-resten","tag-ksayr-ve-telkelah-bolgelerinden-daha-once-silahlariyla-birlikte-teslim-olan-103-kisi-bugun-serbest-birakildi","tag-telbise"],"_links":{"self":[{"href":"https:\/\/archive.sana.sy\/tr\/index.php?rest_route=\/wp\/v2\/posts\/24531","targetHints":{"allow":["GET"]}}],"collection":[{"href":"https:\/\/archive.sana.sy\/tr\/index.php?rest_route=\/wp\/v2\/posts"}],"about":[{"href":"https:\/\/archive.sana.sy\/tr\/index.php?rest_route=\/wp\/v2\/types\/post"}],"author":[{"embeddable":true,"href":"https:\/\/archive.sana.sy\/tr\/index.php?rest_route=\/wp\/v2\/users\/1"}],"replies":[{"embeddable":true,"href":"https:\/\/archive.sana.sy\/tr\/index.php?rest_route=%2Fwp%2Fv2%2Fcomments&post=24531"}],"version-history":[{"count":0,"href":"https:\/\/archive.sana.sy\/tr\/index.php?rest_route=\/wp\/v2\/posts\/24531\/revisions"}],"wp:featuredmedia":[{"embeddable":true,"href":"https:\/\/archive.sana.sy\/tr\/index.php?rest_route=\/wp\/v2\/media\/24616"}],"wp:attachment":[{"href":"https:\/\/archive.sana.sy\/tr\/index.php?rest_route=%2Fwp%2Fv2%2Fmedia&parent=24531"}],"wp:term":[{"taxonomy":"category","embeddable":true,"href":"https:\/\/archive.sana.sy\/tr\/index.php?rest_route=%2Fwp%2Fv2%2Fcategories&post=24531"},{"taxonomy":"post_tag","embeddable":true,"href":"https:\/\/archive.sana.sy\/tr\/index.php?rest_route=%2Fwp%2Fv2%2Ftags&post=24531"}],"curies":[{"name":"wp","href":"https:\/\/api.w.org\/{rel}","templated":true}]}}