{"id":24534,"date":"2015-02-22T14:45:50","date_gmt":"2015-02-22T12:45:50","guid":{"rendered":"http:\/\/www.sana.sy\/tr\/?p=24534"},"modified":"2015-02-22T14:45:50","modified_gmt":"2015-02-22T12:45:50","slug":"hukumet-sendikalara-gerekli-destegi-saglamaya-hazirdir","status":"publish","type":"post","link":"https:\/\/archive.sana.sy\/tr\/?p=24534","title":{"rendered":"H\u00fck\u00fcmet Sendikalara Gerekli Deste\u011fi Sa\u011flamaya Haz\u0131rd\u0131r"},"content":{"rendered":"<p>\u015eAM \u2013 Eczac\u0131lar Sendikas\u0131 ba\u015fkan ve y\u00f6netim kurulu \u00fcyeleriyle bug\u00fcn bir araya elen Ba\u015fbakan Vail el Halaki ila\u00e7 g\u00fcvenli\u011fini sa\u011flaman\u0131n Suriye h\u00fck\u00fcmetinin stratejik ulusal se\u00e7ene\u011fi oldu\u011funu belirtti.<\/p>\n<p>Ba\u015fbakan Halaki Suriye&#8217;de ila\u00e7 sanayisinin yeniden canlanmas\u0131yla birlikte yerel ve uluslararas\u0131 sahada konumunu almas\u0131 amac\u0131yla bir dizi icraatlar al\u0131nd\u0131\u011f\u0131n\u0131 ve toleranslar tan\u0131nd\u0131\u011f\u0131na dikkat \u00e7ekti. \u0130la\u00e7 sanayisi i\u00e7in gerekli maddelerin temini i\u00e7in h\u00fck\u00fcmetin \u00f6zenini belirten Halaki; nitelik ve fiyat a\u00e7\u0131s\u0131ndan yerel piyasa ihtiyac\u0131n\u0131n giderilmesi ve yerel ham maddelerden m\u00fcmk\u00fcn oldu\u011funca faydalan\u0131lmas\u0131 \u00f6neminin alt\u0131n\u0131 \u00e7izdi.<\/p>\n<p>Ba\u015fbakan Halaki sendikalar\u0131n mevcut s\u00fcre\u00e7 i\u00e7inde \u00fcstlerine d\u00fc\u015fen misyonu en iyi \u015fekilde \u00fcstlenmeleri \u00f6neminin alt\u0131n\u0131 \u00e7izerken; h\u00fck\u00fcmetin bu ba\u011flamda gerekli yard\u0131m ve deste\u011fi takdim etmeye haz\u0131r oldu\u011funu s\u00f6yledi.<\/p>\n<p>Sendika \u00e7al\u0131\u015fmalar\u0131na ilaveten ila\u00e7 sanayisinin durumu ve kar\u015f\u0131la\u015f\u0131lan sorunlar\u0131n masaya yat\u0131r\u0131ld\u0131\u011f\u0131 oturumda; d\u0131\u015f g\u00fc\u00e7lerin patronajl\u0131\u011f\u0131ndaki ter\u00f6r \u00e7etelerin ila\u00e7 sanayisini sistematik bir \u015fekilde sabote etmelerine ra\u011fmen bu sanayinin hala yerel piyasan\u0131n ihtiyac\u0131n\u0131 kar\u015f\u0131lamada g\u00fc\u00e7l\u00fc kald\u0131\u011f\u0131 ifade edildi.<\/p>\n<p>A.A.<\/p>\n","protected":false},"excerpt":{"rendered":"<p>\u015eAM \u2013 Eczac\u0131lar Sendikas\u0131 ba\u015fkan ve y\u00f6netim kurulu \u00fcyeleriyle bug\u00fcn bir araya elen Ba\u015fbakan Vail el Halaki ila\u00e7 g\u00fcvenli\u011fini sa\u011flaman\u0131n Suriye h\u00fck\u00fcmetinin stratejik ulusal se\u00e7ene\u011fi oldu\u011funu belirtti. Ba\u015fbakan Halaki Suriye&#8217;de ila\u00e7 sanayisinin yeniden canlanmas\u0131yla birlikte yerel ve uluslararas\u0131 sahada konumunu almas\u0131 amac\u0131yla bir dizi icraatlar al\u0131nd\u0131\u011f\u0131n\u0131 ve toleranslar tan\u0131nd\u0131\u011f\u0131na dikkat \u00e7ekti. \u0130la\u00e7 sanayisi i\u00e7in gerekli &hellip;<\/p>\n","protected":false},"author":1,"featured_media":24535,"comment_status":"closed","ping_status":"closed","sticky":false,"template":"","format":"standard","meta":{"footnotes":""},"categories":[479,478],"tags":[11719,11720],"class_list":["post-24534","post","type-post","status-publish","format-standard","has-post-thumbnail","","category-haberler-yerel","category-yerel","tag-hukumet-sendikalara-gerekli-destegi-saglamaya-hazirdir","tag-sam-eczacilar-sendikasi-baskan-ve-yonetim-kurulu-uyeleriyle-bugun-bir-araya-elen-basbakan-vail-el-halaki-ilac-guvenligini-saglamanin-suriye-hukumetinin-stratejik-ulusal-secenegi-oldugunu-bel"],"_links":{"self":[{"href":"https:\/\/archive.sana.sy\/tr\/index.php?rest_route=\/wp\/v2\/posts\/24534","targetHints":{"allow":["GET"]}}],"collection":[{"href":"https:\/\/archive.sana.sy\/tr\/index.php?rest_route=\/wp\/v2\/posts"}],"about":[{"href":"https:\/\/archive.sana.sy\/tr\/index.php?rest_route=\/wp\/v2\/types\/post"}],"author":[{"embeddable":true,"href":"https:\/\/archive.sana.sy\/tr\/index.php?rest_route=\/wp\/v2\/users\/1"}],"replies":[{"embeddable":true,"href":"https:\/\/archive.sana.sy\/tr\/index.php?rest_route=%2Fwp%2Fv2%2Fcomments&post=24534"}],"version-history":[{"count":0,"href":"https:\/\/archive.sana.sy\/tr\/index.php?rest_route=\/wp\/v2\/posts\/24534\/revisions"}],"wp:featuredmedia":[{"embeddable":true,"href":"https:\/\/archive.sana.sy\/tr\/index.php?rest_route=\/wp\/v2\/media\/24535"}],"wp:attachment":[{"href":"https:\/\/archive.sana.sy\/tr\/index.php?rest_route=%2Fwp%2Fv2%2Fmedia&parent=24534"}],"wp:term":[{"taxonomy":"category","embeddable":true,"href":"https:\/\/archive.sana.sy\/tr\/index.php?rest_route=%2Fwp%2Fv2%2Fcategories&post=24534"},{"taxonomy":"post_tag","embeddable":true,"href":"https:\/\/archive.sana.sy\/tr\/index.php?rest_route=%2Fwp%2Fv2%2Ftags&post=24534"}],"curies":[{"name":"wp","href":"https:\/\/api.w.org\/{rel}","templated":true}]}}