{"id":24537,"date":"2015-02-22T15:25:29","date_gmt":"2015-02-22T13:25:29","guid":{"rendered":"http:\/\/www.sana.sy\/tr\/?p=24537"},"modified":"2015-02-22T15:25:29","modified_gmt":"2015-02-22T13:25:29","slug":"suriyeye-yonelik-savasta-medya-buyuk-bir-onem-tasimaktadir","status":"publish","type":"post","link":"https:\/\/archive.sana.sy\/tr\/?p=24537","title":{"rendered":"Suriye&#8217;ye Y\u00f6nelik Sava\u015fta Medya B\u00fcy\u00fck Bir \u00d6nem Ta\u015f\u0131maktad\u0131r"},"content":{"rendered":"<p>\u015eAM \u2013 Enformasyon E\u011fitim Enstit\u00fcs\u00fc \u2018Ya\u015famas\u0131 Bir Ba\u015fka\u2019 Kampanyas\u0131 kapsam\u0131nda bug\u00fcn Radyo Televizyon Kurumu ile koordinasyon i\u00e7inde \u2018Diyalog \u0130daresi ve Radyo Televizyon Spikerli\u011fi\u2019 ba\u015fl\u0131\u011f\u0131 alt\u0131nda ilk e\u011fitim devresinin start\u0131n\u0131 yapt\u0131.<\/p>\n<p><a href=\"http:\/\/www.sana.sy\/tr\/wp-content\/uploads\/2015\/02\/forum-2.jpg\"><img loading=\"lazy\" decoding=\"async\" class=\"alignright wp-image-24539 size-medium\" src=\"http:\/\/www.sana.sy\/tr\/wp-content\/uploads\/2015\/02\/forum-2-300x211.jpg\" alt=\"forum 2\" width=\"300\" height=\"211\" srcset=\"https:\/\/archive.sana.sy\/tr\/wp-content\/uploads\/2015\/02\/forum-2-300x211.jpg 300w, https:\/\/archive.sana.sy\/tr\/wp-content\/uploads\/2015\/02\/forum-2-150x106.jpg 150w, https:\/\/archive.sana.sy\/tr\/wp-content\/uploads\/2015\/02\/forum-2-1024x721.jpg 1024w\" sizes=\"auto, (max-width: 300px) 100vw, 300px\" \/><\/a>Devrenin a\u00e7\u0131l\u0131\u015f oturumuna kat\u0131lan Cumhurba\u015fkanl\u0131\u011f\u0131 Bas\u0131n Dan\u0131\u015fman\u0131 B\u00fcseyna \u015eaban; krizin dayatt\u0131\u011f\u0131 meydan okumalar\u0131 kar\u015f\u0131s\u0131nda ulusal medyay\u0131 geli\u015ftirme ve g\u00fc\u00e7lendirme \u00f6nemine dikkat \u00e7ekti.<\/p>\n<p>uriye&#8217;deki sava\u015fta medyan\u0131n temel bir rol oynad\u0131\u011f\u0131na dikkat \u00e7eken \u015eaban; ger\u00e7ekleri d\u00fcnya kamuoyuna duyurmak ve dezenformasyonu de\u015fifre etmenin b\u00fcy\u00fck bir \u00f6nem ta\u015f\u0131d\u0131\u011f\u0131na dikkat \u00e7ekti.<\/p>\n<p>Oturumda konu\u015fan Enformasyon Bakan\u0131 Omran el Zoubi; mevcut zor ko\u015fullara ra\u011fmen ulusal medyan\u0131n geli\u015fen olaylarla entegreli olmas\u0131 ve Suriye&#8217;nin sesini d\u00fcnyaya duyuracak d\u00fczeye gelmesinin \u00f6nemini ifade etti.<\/p>\n<p>A.A. &#8211; M.M.<\/p>\n","protected":false},"excerpt":{"rendered":"<p>\u015eAM \u2013 Enformasyon E\u011fitim Enstit\u00fcs\u00fc \u2018Ya\u015famas\u0131 Bir Ba\u015fka\u2019 Kampanyas\u0131 kapsam\u0131nda bug\u00fcn Radyo Televizyon Kurumu ile koordinasyon i\u00e7inde \u2018Diyalog \u0130daresi ve Radyo Televizyon Spikerli\u011fi\u2019 ba\u015fl\u0131\u011f\u0131 alt\u0131nda ilk e\u011fitim devresinin start\u0131n\u0131 yapt\u0131. Devrenin a\u00e7\u0131l\u0131\u015f oturumuna kat\u0131lan Cumhurba\u015fkanl\u0131\u011f\u0131 Bas\u0131n Dan\u0131\u015fman\u0131 B\u00fcseyna \u015eaban; krizin dayatt\u0131\u011f\u0131 meydan okumalar\u0131 kar\u015f\u0131s\u0131nda ulusal medyay\u0131 geli\u015ftirme ve g\u00fc\u00e7lendirme \u00f6nemine dikkat \u00e7ekti. uriye&#8217;deki sava\u015fta medyan\u0131n &hellip;<\/p>\n","protected":false},"author":1,"featured_media":24538,"comment_status":"closed","ping_status":"closed","sticky":false,"template":"","format":"standard","meta":{"footnotes":""},"categories":[479,478],"tags":[11722,11721],"class_list":["post-24537","post","type-post","status-publish","format-standard","has-post-thumbnail","","category-haberler-yerel","category-yerel","tag-sam-enformasyon-egitim-enstitusu-yasamasi-bir-baska-kampanyasi-kapsaminda-bugun-radyo-televizyon-kurumu-ile-koordinasyon-icinde-diyalog-idaresi-ve-radyo-televizyon","tag-suriyeye-yonelik-savasta-medya-buyuk-bir-onem-tasimaktadir"],"_links":{"self":[{"href":"https:\/\/archive.sana.sy\/tr\/index.php?rest_route=\/wp\/v2\/posts\/24537","targetHints":{"allow":["GET"]}}],"collection":[{"href":"https:\/\/archive.sana.sy\/tr\/index.php?rest_route=\/wp\/v2\/posts"}],"about":[{"href":"https:\/\/archive.sana.sy\/tr\/index.php?rest_route=\/wp\/v2\/types\/post"}],"author":[{"embeddable":true,"href":"https:\/\/archive.sana.sy\/tr\/index.php?rest_route=\/wp\/v2\/users\/1"}],"replies":[{"embeddable":true,"href":"https:\/\/archive.sana.sy\/tr\/index.php?rest_route=%2Fwp%2Fv2%2Fcomments&post=24537"}],"version-history":[{"count":0,"href":"https:\/\/archive.sana.sy\/tr\/index.php?rest_route=\/wp\/v2\/posts\/24537\/revisions"}],"wp:featuredmedia":[{"embeddable":true,"href":"https:\/\/archive.sana.sy\/tr\/index.php?rest_route=\/wp\/v2\/media\/24538"}],"wp:attachment":[{"href":"https:\/\/archive.sana.sy\/tr\/index.php?rest_route=%2Fwp%2Fv2%2Fmedia&parent=24537"}],"wp:term":[{"taxonomy":"category","embeddable":true,"href":"https:\/\/archive.sana.sy\/tr\/index.php?rest_route=%2Fwp%2Fv2%2Fcategories&post=24537"},{"taxonomy":"post_tag","embeddable":true,"href":"https:\/\/archive.sana.sy\/tr\/index.php?rest_route=%2Fwp%2Fv2%2Ftags&post=24537"}],"curies":[{"name":"wp","href":"https:\/\/api.w.org\/{rel}","templated":true}]}}