{"id":245399,"date":"2021-11-02T15:23:49","date_gmt":"2021-11-02T13:23:49","guid":{"rendered":"http:\/\/107.6.182.27\/tr\/?p=245399"},"modified":"2021-11-03T13:09:33","modified_gmt":"2021-11-03T11:09:33","slug":"al-muvassahat-ve-al-kudud-al-halebiyye-efsanesi-88-yasinda-vefat-etti","status":"publish","type":"post","link":"https:\/\/archive.sana.sy\/tr\/?p=245399","title":{"rendered":"Al Muva\u015f\u015fahat ve Al Kudud Al Halebiyye Efsanesi 88 Ya\u015f\u0131nda Vefat Etti"},"content":{"rendered":"<p style=\"text-align: justify;\">\u015eAM &#8211; Arap \u015fark\u0131c\u0131l\u0131\u011f\u0131n\u0131n efsanesi, b\u00fcy\u00fck sanat\u00e7\u0131 Sabah Fahri, bug\u00fcn 88 ya\u015f\u0131nda \u015eam&#8217;daki El \u015eami Hastanesi&#8217;nde hayat\u0131n\u0131 kaybetti.<\/p>\n<p style=\"text-align: justify;\">Enformasyon ile K\u00fclt\u00fcr Bakanl\u0131klar\u0131 ve Sanat\u00e7\u0131lar Sendikas\u0131, Arap miras\u0131 \u015fark\u0131 s\u00f6yleme taht\u0131na y\u00fckseldi\u011fi yar\u0131m y\u00fczy\u0131l\u0131 a\u015fk\u0131n bir sanat kariyerinin ard\u0131ndan sanat\u00e7\u0131 Sabah Fahri&#8217;nin vefat etti\u011fini ilan etti.<\/p>\n<p style=\"text-align: justify;\">As\u0131l ad\u0131 Sabah Abu Kavs olan Sabah Fahri, 2 May\u0131s 1933&#8217;te Halep \u015fehrinde do\u011fdu. Babas\u0131 Kuran-\u0131 Kerim ve tilavetini \u00f6\u011freten bir din adam\u0131 ve tarikat sahibiydi. On ya\u015f\u0131nda, \u00d6mer al Bat\u015f, Mustafa al Tarab, Subhi al Harir ve Bakri al-Kurdi gibi babas\u0131n\u0131n arkada\u015flar\u0131ndan ezgi ve a\u011f\u0131rl\u0131k bilimlerinden her \u015feyi ald\u0131.<\/p>\n<p style=\"text-align: justify;\">Sabah Fahri, on iki ya\u015f\u0131nda &#8220;Ey Hilal, benden sakland\u0131n ve gizlendin&#8221; adl\u0131 ilk \u00f6zel muva\u015f\u015fah\u0131n\u0131 seslendirdi. Sonra \u015eeyh Ali el-Dervi\u015f&#8217;i ve onun i\u00e7in \u015fark\u0131lar besteleyen ve \u00f6\u011freten iki o\u011flu \u0130brahim ve Nadim&#8217;i arad\u0131. Daha sonra Halep ve Suriye&#8217;nin di\u011fer \u015fehirlerinde ve orada verdi\u011fi konserlerde kemanc\u0131 Sami al \u015eavva&#8217;ya e\u015flik etti. \u015eark\u0131c\u0131l\u0131\u011f\u0131ndan etkilenen Fahri Al-Baroudi onu tan\u0131d\u0131 ve onu sanatsal olarak benimsedi ve ona yapt\u0131rd\u0131 ve Do\u011fu M\u00fczik Enstit\u00fcs\u00fc&#8217;ne kat\u0131lmas\u0131n\u0131 sa\u011flad\u0131.<\/p>\n<p style=\"text-align: justify;\">Enstit\u00fcde \u00d6mer al Bat\u015f, Aziz Gannam ve Mecdi al Akili&#8217;de dersler ald\u0131 ve onlardan ritim, muva\u015f\u015fahat, Samah dans\u0131, k\u00f6ktenci \u015fiir s\u00f6yleme sanat\u0131, roller, m\u00fczik teorileri, solfejle lirik okuma, makamlar ve aralar\u0131ndaki aktar\u0131m y\u00f6ntemlerini \u00f6\u011frendi. Onu \u015fefkat ve \u00f6zenle seven evlat edindi\u011fi ki\u015fi taraf\u0131ndan kendisine lakap tak\u0131ld\u0131ktan sonra ad\u0131 Sabah Fakhri oldu.<\/p>\n<p style=\"text-align: justify;\">Sabah Fahri Halep&#8217;e d\u00f6nd\u00fc\u011f\u00fcnde haz\u0131rl\u0131k ve ikincil sertifikalar\u0131n\u0131 ald\u0131\u011f\u0131 Arap \u0130slam Enstit\u00fcs\u00fc&#8217;nde e\u011fitim g\u00f6rm\u00fc\u015f ve sanattan emekli olmay\u0131 d\u00fc\u015f\u00fcn\u00fcp kendini ticari i\u015flere adam\u0131\u015ft\u0131. Cemil Velayet, Muhammed Osman&#8217;\u0131n &#8220;Asl El Gharam Nazra&#8221; rol\u00fcn\u00fc ve bestelerinden &#8220;Al Maliha&#8217;ya S\u00f6yle&#8221; \u015fiirini seslendirdi.<\/p>\n<p style=\"text-align: justify;\">Bu ba\u015far\u0131, Sabah Fahri&#8217;yi miras\u0131n g\u00f6z\u00fcnden lirik ba\u011flant\u0131lar sunmaya te\u015fvik etti, bu y\u00fczden Ya Mal al \u015eam ve Ya Tayra T\u0131yri&#8217;y\u0131 Ebu Halil el Kabbani&#8217;ye Suriye Arap Televizyonunda sundu.<\/p>\n<p style=\"text-align: justify;\">Dureyd Lahham ve Nihad Kalai ikilisi ile &#8220;Saalik&#8221; filminde, merhum Verde El Cezairiyya&#8217;n\u0131n \u00f6n\u00fcnde Al Vadi Al Kabir dizisinde oyunculuk ve \u015fark\u0131 s\u00f6ylemeye kat\u0131ld\u0131ktan sonra y\u0131ld\u0131zl\u0131k penceresi a\u00e7\u0131ld\u0131 ve t\u00fcm Araplardan davetler gelmeye ba\u015flad\u0131. Daha sonra Miami ve Detroit \u015fehirlerinin ona sanat\u0131n\u0131n takdir edilmesi i\u00e7in anahtarlar\u0131n\u0131 verdi\u011fi Avustralya ve Amerika&#8217;daki gurbet\u00e7ilere \u015fark\u0131lar s\u00f6yledi. Onun i\u00e7in Los Angeles&#8217;taki Ross Hall&#8217;da Onur T\u00f6reni kuruldu ve University of University Kalifornia Sanat Koleji taraf\u0131ndan onurland\u0131r\u0131ld\u0131.<\/p>\n<p style=\"text-align: justify;\">Avrupa&#8217;da Sabah, Stockholm&#8217;deki Nobel Bar\u0131\u015f Salonu&#8217;nda, Paris&#8217;teki Palais des Congr\u00e8s&#8217;de ve Bonn&#8217;daki Beethoven Salonu&#8217;nda \u015fark\u0131 s\u00f6yledi. Fransa&#8217;n\u0131n Nanterre kentinde Do\u011fu M\u00fczik Festivali a\u00e7\u0131ld\u0131. Ayr\u0131ca \u0130ngiltere&#8217;de \u015fark\u0131 s\u00f6ylemeye ve Oryantal m\u00fczik ve enstr\u00fcmanlar \u00fczerine ders vermeye davet edildi.<\/p>\n<p style=\"text-align: justify;\">Sanat kariyerinde \u00e7e\u015fitli g\u00f6revlerde bulunan Sabah Fahri, sanat\u00e7\u0131lar\u0131n kaptan\u0131, Arap Sanat\u00e7\u0131lar Birli\u011fi ba\u015fkan yard\u0131mc\u0131s\u0131 ve Suriye \u015eark\u0131 Festivali&#8217;nin y\u00f6neticisi se\u00e7ildi. 1968&#8217;de kesintisiz 10 saat ve ad\u0131 Microsoft Ankarna Ansiklopedisi taraf\u0131ndan Arap ve oryantal \u015fark\u0131 s\u00f6ylemenin sembollerinden biri olarak an\u0131ld\u0131.<\/p>\n<p style=\"text-align: justify;\">Sabah&#8217;\u0131n ald\u0131\u011f\u0131 onur ve onurlara gelince, bunlar Suriye M\u00fckemmel S\u0131n\u0131f Liyakat Ni\u015fan\u0131, Tunus K\u00fclt\u00fcr Madalyas\u0131, Umman Sultanl\u0131\u011f\u0131 Onur Madalyas\u0131, Emirlikler&#8217;den Arap \u015eark\u0131c\u0131l\u0131k \u00d6d\u00fcl\u00fc, Kahire Uluslararas\u0131 \u015eark\u0131 Festivali \u00d6d\u00fcl\u00fc ve Arap E\u011fitim, K\u00fclt\u00fcr ve Bilim \u00d6rg\u00fct\u00fc&#8217;nden Takdir \u00d6d\u00fcl\u00fc. M\u0131s\u0131r&#8217;daki hayranlar\u0131 1997&#8217;de onun ad\u0131na Artistik bir dernek kurdu.<\/p>\n<p style=\"text-align: justify;\">Sabah Fahri&#8217;nin sanatsal \u00e7\u0131kt\u0131s\u0131, Tunuslu ara\u015ft\u0131rmac\u0131 \u0130lyas Boden taraf\u0131ndan, bestecisi bilinmeyen 110 eski tarab\u0131n ve Sabah taraf\u0131ndan s\u00f6ylenen 66 eser melodisi dahil olmak \u00fczere 347 lirik eser i\u00e7erdi\u011fini belirten bir kitapla belgelendi. D\u00f6rt gemi &#8220;defter&#8221; saklar. Her gemide bin muva\u015f\u015fah bulunur.<\/p>\n<p style=\"text-align: justify;\">Sabah Fahri&#8217;nin yolculu\u011fu, End\u00fcl\u00fcs ruhunu ve Halep halk\u0131n\u0131n yarat\u0131c\u0131l\u0131\u011f\u0131n\u0131 ta\u015f\u0131yan zengin bir miras\u0131 ve insanlar\u0131n bu mirasla \u00f6zde\u015fle\u015fmesini, bu miras\u0131n sadece onu korumak ve muhafaza etmekle kalmay\u0131p ayn\u0131 zamanda geli\u015ftirip sunabilme becerisini \u00f6zetliyor, bug\u00fcn\u00fcn ve yar\u0131n\u0131n izleyicilerine hitap ediyor.<\/p>\n<p style=\"text-align: justify;\">Yak\u0131n zamanda, orijinal Arap ve Suriye lirik miras\u0131n\u0131 zenginle\u015ftirmedeki rol\u00fc nedeniyle Opera Binas\u0131&#8217;ndaki Baas Te\u015fkilat\u0131n\u0131n \u00d6nc\u00fcleri taraf\u0131ndan onurland\u0131r\u0131ld\u0131.<\/p>\n","protected":false},"excerpt":{"rendered":"<p>\u015eAM &#8211; Arap \u015fark\u0131c\u0131l\u0131\u011f\u0131n\u0131n efsanesi, b\u00fcy\u00fck sanat\u00e7\u0131 Sabah Fahri, bug\u00fcn 88 ya\u015f\u0131nda \u015eam&#8217;daki El \u015eami Hastanesi&#8217;nde hayat\u0131n\u0131 kaybetti. Enformasyon ile K\u00fclt\u00fcr Bakanl\u0131klar\u0131 ve Sanat\u00e7\u0131lar Sendikas\u0131, Arap miras\u0131 \u015fark\u0131 s\u00f6yleme taht\u0131na y\u00fckseldi\u011fi yar\u0131m y\u00fczy\u0131l\u0131 a\u015fk\u0131n bir sanat kariyerinin ard\u0131ndan sanat\u00e7\u0131 Sabah Fahri&#8217;nin vefat etti\u011fini ilan etti. As\u0131l ad\u0131 Sabah Abu Kavs olan Sabah Fahri, 2 May\u0131s &hellip;<\/p>\n","protected":false},"author":1,"featured_media":245400,"comment_status":"closed","ping_status":"closed","sticky":false,"template":"","format":"standard","meta":{"footnotes":""},"categories":[479,17988,478],"tags":[],"class_list":["post-245399","post","type-post","status-publish","format-standard","has-post-thumbnail","","category-haberler-yerel","category-son-haberler","category-yerel"],"_links":{"self":[{"href":"https:\/\/archive.sana.sy\/tr\/index.php?rest_route=\/wp\/v2\/posts\/245399","targetHints":{"allow":["GET"]}}],"collection":[{"href":"https:\/\/archive.sana.sy\/tr\/index.php?rest_route=\/wp\/v2\/posts"}],"about":[{"href":"https:\/\/archive.sana.sy\/tr\/index.php?rest_route=\/wp\/v2\/types\/post"}],"author":[{"embeddable":true,"href":"https:\/\/archive.sana.sy\/tr\/index.php?rest_route=\/wp\/v2\/users\/1"}],"replies":[{"embeddable":true,"href":"https:\/\/archive.sana.sy\/tr\/index.php?rest_route=%2Fwp%2Fv2%2Fcomments&post=245399"}],"version-history":[{"count":0,"href":"https:\/\/archive.sana.sy\/tr\/index.php?rest_route=\/wp\/v2\/posts\/245399\/revisions"}],"wp:featuredmedia":[{"embeddable":true,"href":"https:\/\/archive.sana.sy\/tr\/index.php?rest_route=\/wp\/v2\/media\/245400"}],"wp:attachment":[{"href":"https:\/\/archive.sana.sy\/tr\/index.php?rest_route=%2Fwp%2Fv2%2Fmedia&parent=245399"}],"wp:term":[{"taxonomy":"category","embeddable":true,"href":"https:\/\/archive.sana.sy\/tr\/index.php?rest_route=%2Fwp%2Fv2%2Fcategories&post=245399"},{"taxonomy":"post_tag","embeddable":true,"href":"https:\/\/archive.sana.sy\/tr\/index.php?rest_route=%2Fwp%2Fv2%2Ftags&post=245399"}],"curies":[{"name":"wp","href":"https:\/\/api.w.org\/{rel}","templated":true}]}}