{"id":245405,"date":"2021-11-02T15:40:32","date_gmt":"2021-11-02T13:40:32","guid":{"rendered":"http:\/\/107.6.182.27\/tr\/?p=245405"},"modified":"2021-11-03T08:11:49","modified_gmt":"2021-11-03T06:11:49","slug":"cek-akademisyen-suriye-bolgesel-konumuna-geri-donuyor","status":"publish","type":"post","link":"https:\/\/archive.sana.sy\/tr\/?p=245405","title":{"rendered":"\u00c7ek Akademisyen: Suriye B\u00f6lgesel Konumuna Geri D\u00f6n\u00fcyor"},"content":{"rendered":"<p style=\"text-align: justify;\">PRAG -\u00c7ek akademisyen ve gazeteci Lenka Hrabalova, Suriye&#8217;nin b\u00f6lgesel ve uluslararas\u0131 stat\u00fcs\u00fcne geri d\u00f6nmeye ba\u015flad\u0131\u011f\u0131n\u0131 ve kendisine dayat\u0131lan tek tarafl\u0131 bask\u0131c\u0131 Bat\u0131 \u00f6nlemleri de dahil olmak \u00fczere kar\u015f\u0131 kar\u015f\u0131ya oldu\u011fu bir\u00e7ok zorlu\u011fa ra\u011fmen bir\u00e7ok sekt\u00f6rde iyile\u015fmeye tan\u0131k oldu\u011funu belirtti.<\/p>\n<p style=\"text-align: justify;\">Hrabalova, d\u00fcn ak\u015fam Olomots \u015eehir \u00dcniversitesi Do\u011fa Bilimleri Fak\u00fcltesi&#8217;nde (Suriye Hayata D\u00f6n\u00fcyor) ba\u015fl\u0131\u011f\u0131 alt\u0131nda verdi\u011fi konferansta, Suriye&#8217;nin antik miras\u0131 ve medeniyetini, El Husun kalesi, Palmyra (Tedmur) ve tarihi kal\u0131nt\u0131lar\u0131n\u0131n ve topraklar\u0131ndaki di\u011fer bir\u00e7ok arkeolojik sitenin g\u00f6sterdi\u011fine dikkat \u00e7ekti.<\/p>\n<p style=\"text-align: justify;\">Hrabalova, ge\u00e7ti\u011fimiz Eyl\u00fcl ay\u0131nda ziyaret etti\u011fi ve Suriye vatanda\u015flar\u0131n\u0131n c\u00f6mertli\u011fi ve misafirperverli\u011fi ile karakterize edilen Suriye&#8217;deki g\u00f6zlemlerini, kendisiyle yapt\u0131\u011f\u0131 g\u00f6r\u00fc\u015fmelerde vatanlar\u0131na ba\u011fl\u0131 olduklar\u0131n\u0131 ve bu \u00fclkenin gelece\u011fi i\u00e7in umut ta\u015f\u0131d\u0131klar\u0131n\u0131 teyit ettiklerini s\u00f6yledi.<\/p>\n<p style=\"text-align: justify;\">\n","protected":false},"excerpt":{"rendered":"<p>PRAG -\u00c7ek akademisyen ve gazeteci Lenka Hrabalova, Suriye&#8217;nin b\u00f6lgesel ve uluslararas\u0131 stat\u00fcs\u00fcne geri d\u00f6nmeye ba\u015flad\u0131\u011f\u0131n\u0131 ve kendisine dayat\u0131lan tek tarafl\u0131 bask\u0131c\u0131 Bat\u0131 \u00f6nlemleri de dahil olmak \u00fczere kar\u015f\u0131 kar\u015f\u0131ya oldu\u011fu bir\u00e7ok zorlu\u011fa ra\u011fmen bir\u00e7ok sekt\u00f6rde iyile\u015fmeye tan\u0131k oldu\u011funu belirtti. Hrabalova, d\u00fcn ak\u015fam Olomots \u015eehir \u00dcniversitesi Do\u011fa Bilimleri Fak\u00fcltesi&#8217;nde (Suriye Hayata D\u00f6n\u00fcyor) ba\u015fl\u0131\u011f\u0131 alt\u0131nda verdi\u011fi konferansta, &hellip;<\/p>\n","protected":false},"author":1,"featured_media":245406,"comment_status":"closed","ping_status":"closed","sticky":false,"template":"","format":"standard","meta":{"footnotes":""},"categories":[458,459,17988],"tags":[],"class_list":["post-245405","post","type-post","status-publish","format-standard","has-post-thumbnail","","category-dunya1","category-haberler-arap-uluslararasi-politika","category-son-haberler"],"_links":{"self":[{"href":"https:\/\/archive.sana.sy\/tr\/index.php?rest_route=\/wp\/v2\/posts\/245405","targetHints":{"allow":["GET"]}}],"collection":[{"href":"https:\/\/archive.sana.sy\/tr\/index.php?rest_route=\/wp\/v2\/posts"}],"about":[{"href":"https:\/\/archive.sana.sy\/tr\/index.php?rest_route=\/wp\/v2\/types\/post"}],"author":[{"embeddable":true,"href":"https:\/\/archive.sana.sy\/tr\/index.php?rest_route=\/wp\/v2\/users\/1"}],"replies":[{"embeddable":true,"href":"https:\/\/archive.sana.sy\/tr\/index.php?rest_route=%2Fwp%2Fv2%2Fcomments&post=245405"}],"version-history":[{"count":0,"href":"https:\/\/archive.sana.sy\/tr\/index.php?rest_route=\/wp\/v2\/posts\/245405\/revisions"}],"wp:featuredmedia":[{"embeddable":true,"href":"https:\/\/archive.sana.sy\/tr\/index.php?rest_route=\/wp\/v2\/media\/245406"}],"wp:attachment":[{"href":"https:\/\/archive.sana.sy\/tr\/index.php?rest_route=%2Fwp%2Fv2%2Fmedia&parent=245405"}],"wp:term":[{"taxonomy":"category","embeddable":true,"href":"https:\/\/archive.sana.sy\/tr\/index.php?rest_route=%2Fwp%2Fv2%2Fcategories&post=245405"},{"taxonomy":"post_tag","embeddable":true,"href":"https:\/\/archive.sana.sy\/tr\/index.php?rest_route=%2Fwp%2Fv2%2Ftags&post=245405"}],"curies":[{"name":"wp","href":"https:\/\/api.w.org\/{rel}","templated":true}]}}