{"id":245409,"date":"2021-11-02T15:42:21","date_gmt":"2021-11-02T13:42:21","guid":{"rendered":"http:\/\/107.6.182.27\/tr\/?p=245409"},"modified":"2021-11-03T08:11:56","modified_gmt":"2021-11-03T06:11:56","slug":"bati-yakada-isgal-kursunlariyla-2-filistinli-yaralandi-sekizi-tutuklandi","status":"publish","type":"post","link":"https:\/\/archive.sana.sy\/tr\/?p=245409","title":{"rendered":"Bat\u0131 Yaka&#8217;da \u0130\u015fgal Kur\u015funlar\u0131yla 2 Filistinli Yaraland\u0131 Sekiz&#8217;i Tutukland\u0131"},"content":{"rendered":"<p style=\"text-align: justify;\">\u0130\u015eGAL ED\u0130LEN KUD\u00dcS &#8211; Bat\u0131 Yaka&#8217;n\u0131n Cenin kentinde bug\u00fcn \u0130srail i\u015fgal g\u00fc\u00e7lerinin kur\u015funlar\u0131yla iki Filistinli yaraland\u0131.<\/p>\n<p style=\"text-align: justify;\">WAFA haber ajans\u0131, i\u015fgal g\u00fc\u00e7lerinin Cenin&#8217;in g\u00fcneyindeki Dhey\u015fe m\u00fclteci kamp\u0131na bask\u0131n d\u00fczenledi\u011fini ve Filistinlilere sald\u0131rd\u0131\u011f\u0131n\u0131, kur\u015fun ve zehirli gaz kaps\u00fclleri ate\u015fleyerek iki genci yaralad\u0131\u011f\u0131n\u0131 bildirdi.<\/p>\n<p style=\"text-align: justify;\">\u0130srail i\u015fgal g\u00fc\u00e7leri Filistin belde ve \u015fehirlerini g\u00fcnl\u00fck olarak basmakta ve Filistinlilere sald\u0131rmakta ve onlar\u0131 yerinden etmek ve topraklar\u0131n\u0131 ele ge\u00e7irmek ve Yahudile\u015ftirmek amac\u0131yla m\u00fclklerini yok etmektedir.<\/p>\n<p style=\"text-align: justify;\">Ayr\u0131ca \u0130srail i\u015fgal g\u00fc\u00e7leri bug\u00fcn Bat\u0131 Yaka&#8217;da sekiz Filistinliyi tutuklad\u0131.<\/p>\n<p style=\"text-align: justify;\">WAFA haber ajans\u0131, i\u015fgal g\u00fc\u00e7lerinin Silvan&#8217;\u0131n Batn al Hava mahallesini ve i\u015fgal alt\u0131ndaki Kud\u00fcs&#8217;\u00fcn Bedevi kasabalar\u0131n\u0131, El Halil&#8217;in g\u00fcneyindeki el Favvar kamp\u0131n\u0131, bat\u0131s\u0131nda \u0130dna kasabas\u0131n\u0131, Cenin&#8217;in g\u00fcneyindeki Kabatiya kasabas\u0131n\u0131, g\u00fcneyindeki al-Duheey\u015fe kamp\u0131n\u0131 bast\u0131\u011f\u0131n\u0131 bildirdi.<\/p>\n<p style=\"text-align: justify;\">Nablus&#8217;un kuzeyindeki Beyt Lahm ve Burka kasabalar\u0131na bask\u0131n d\u00fczenledi, Filistinlilerin evlerinde arama operasyonlar\u0131 d\u00fczenledi sonucunda 8 Filistinliyi tutuklad\u0131.<\/p>\n<p style=\"text-align: justify;\">\u00d6te yandan \u0130sralli onlarca \u0130srailli yerle\u015fimci bug\u00fcn Mescid-i Aksaya bask\u0131nlar\u0131n\u0131 yineledi.<\/p>\n<p style=\"text-align: justify;\">WAFA, onlarca \u0130rsailli yerle\u015fimcinin Aksa&#8217;y\u0131 el Me\u011faribe kap\u0131s\u0131 y\u00f6n\u00fcnden bast\u0131klar\u0131n\u0131, i\u015fgal kuvvetlerinin korumas\u0131 alt\u0131nda avlusunda k\u0131\u015fk\u0131rt\u0131c\u0131 turlar d\u00fczelnediklerini dile getirdi.<\/p>\n<p style=\"text-align: justify;\">\n","protected":false},"excerpt":{"rendered":"<p>\u0130\u015eGAL ED\u0130LEN KUD\u00dcS &#8211; Bat\u0131 Yaka&#8217;n\u0131n Cenin kentinde bug\u00fcn \u0130srail i\u015fgal g\u00fc\u00e7lerinin kur\u015funlar\u0131yla iki Filistinli yaraland\u0131. WAFA haber ajans\u0131, i\u015fgal g\u00fc\u00e7lerinin Cenin&#8217;in g\u00fcneyindeki Dhey\u015fe m\u00fclteci kamp\u0131na bask\u0131n d\u00fczenledi\u011fini ve Filistinlilere sald\u0131rd\u0131\u011f\u0131n\u0131, kur\u015fun ve zehirli gaz kaps\u00fclleri ate\u015fleyerek iki genci yaralad\u0131\u011f\u0131n\u0131 bildirdi. \u0130srail i\u015fgal g\u00fc\u00e7leri Filistin belde ve \u015fehirlerini g\u00fcnl\u00fck olarak basmakta ve Filistinlilere sald\u0131rmakta ve &hellip;<\/p>\n","protected":false},"author":1,"featured_media":245410,"comment_status":"closed","ping_status":"closed","sticky":false,"template":"","format":"standard","meta":{"footnotes":""},"categories":[458,459,17988],"tags":[],"class_list":["post-245409","post","type-post","status-publish","format-standard","has-post-thumbnail","","category-dunya1","category-haberler-arap-uluslararasi-politika","category-son-haberler"],"_links":{"self":[{"href":"https:\/\/archive.sana.sy\/tr\/index.php?rest_route=\/wp\/v2\/posts\/245409","targetHints":{"allow":["GET"]}}],"collection":[{"href":"https:\/\/archive.sana.sy\/tr\/index.php?rest_route=\/wp\/v2\/posts"}],"about":[{"href":"https:\/\/archive.sana.sy\/tr\/index.php?rest_route=\/wp\/v2\/types\/post"}],"author":[{"embeddable":true,"href":"https:\/\/archive.sana.sy\/tr\/index.php?rest_route=\/wp\/v2\/users\/1"}],"replies":[{"embeddable":true,"href":"https:\/\/archive.sana.sy\/tr\/index.php?rest_route=%2Fwp%2Fv2%2Fcomments&post=245409"}],"version-history":[{"count":0,"href":"https:\/\/archive.sana.sy\/tr\/index.php?rest_route=\/wp\/v2\/posts\/245409\/revisions"}],"wp:featuredmedia":[{"embeddable":true,"href":"https:\/\/archive.sana.sy\/tr\/index.php?rest_route=\/wp\/v2\/media\/245410"}],"wp:attachment":[{"href":"https:\/\/archive.sana.sy\/tr\/index.php?rest_route=%2Fwp%2Fv2%2Fmedia&parent=245409"}],"wp:term":[{"taxonomy":"category","embeddable":true,"href":"https:\/\/archive.sana.sy\/tr\/index.php?rest_route=%2Fwp%2Fv2%2Fcategories&post=245409"},{"taxonomy":"post_tag","embeddable":true,"href":"https:\/\/archive.sana.sy\/tr\/index.php?rest_route=%2Fwp%2Fv2%2Ftags&post=245409"}],"curies":[{"name":"wp","href":"https:\/\/api.w.org\/{rel}","templated":true}]}}