{"id":24541,"date":"2015-02-22T20:50:35","date_gmt":"2015-02-22T18:50:35","guid":{"rendered":"http:\/\/www.sana.sy\/tr\/?p=24541"},"modified":"2015-02-23T15:07:08","modified_gmt":"2015-02-23T13:07:08","slug":"suriye-ve-halkina-yonelik-dusmanligin-bir-parcasi-olup-iki-kardes-halk-arasindaki-iliskilere-bir-darbedir","status":"publish","type":"post","link":"https:\/\/archive.sana.sy\/tr\/?p=24541","title":{"rendered":"Suriye ve Halk\u0131na Y\u00f6nelik D\u00fc\u015fmanl\u0131\u011f\u0131n Bir Par\u00e7as\u0131 Olup \u0130ki Karde\u015f Halk Aras\u0131ndaki \u0130li\u015fkilere Bir Darbedir"},"content":{"rendered":"<p>\u015eAM \u2013 Sosyalist Arap el Baas Partisi Ulusal Y\u00f6netimi T\u00fcrkiye rejiminin Suriye topraklar\u0131na y\u00f6nelik \u00e7irkin m\u00fcdahalesini \u015fiddetle k\u0131nad\u0131.<\/p>\n<p>Parti Ulusal Y\u00f6netimi bug\u00fcn yay\u0131nlad\u0131\u011f\u0131 e bir n\u00fcshas\u0131 SANA\u2019ya ula\u015ft\u0131r\u0131lan beyan\u0131nda; bu sald\u0131r\u0131n\u0131n Ankara\u2019daki zorba rejimin Suriye ve Irak\u2019ta ter\u00f6r \u00f6rg\u00fctlere her t\u00fcrl\u00fc deste\u011fiyle birlikte Suriye ve halk\u0131na y\u00f6nelik d\u00fc\u015fmanl\u0131\u011f\u0131n\u0131n bir par\u00e7as\u0131 oldu\u011funu vurgulad\u0131.<\/p>\n<p>T\u00fcrkiye rejiminin Suriye&#8217;nin egemenlik ve ba\u011f\u0131ms\u0131zl\u0131\u011f\u0131na kar\u015f\u0131 bulundu\u011fu bu ihlalin uluslar aras\u0131 kanun, karar ve iradeye a\u00e7\u0131k ve net bir ihlal te\u015fkil etti\u011fine dikkat \u00e7eken parti y\u00f6netimi; Suriye ve T\u00fcrkiye&#8217;de iki karde\u015f halk aras\u0131ndaki tarihi derin ili\u015fkilere de b\u00fcy\u00fck bir darbe niteli\u011fi oldu\u011funu belirtti.<\/p>\n<p>Parti y\u00f6netimi bu ihlalin ayn\u0131 zamanda t\u00fcm b\u00f6lge halklar\u0131n\u0131 tehdit eden ter\u00f6re kar\u015f\u0131 b\u00fcy\u00fck fedakarl\u0131klarla ordusu ve halk\u0131yla sava\u015fan kom\u015fu bir devlete de insanl\u0131k d\u0131\u015f\u0131 d\u00fc\u015fmanc\u0131 bir sald\u0131r\u0131 te\u015fkil etti\u011finin alt\u0131n\u0131 \u00e7izdi.<\/p>\n<p>T\u00fcrkiye&#8217;deki ihvanc\u0131 rejimin b\u00f6lge Kaide \u00d6rg\u00fct\u00fcnden t\u00fcreme ter\u00f6r \u00f6rg\u00fctlere her t\u00fcrl\u00fc deste\u011fin yan\u0131 s\u0131ra Suriye ve halk\u0131na kar\u015f\u0131 tutumlar\u0131yla b\u00f6lgesel ve evrensel g\u00fcvenli\u011fe b\u00fcy\u00fck bir tehlike te\u015fkil etti\u011fine dikkat \u00e7eken parti y\u00f6netimi; d\u00fcnyadaki hegemonyac\u0131 despot g\u00fc\u00e7leri, Siyonist Hareket ve b\u00f6lgedeki gerici Arap rejimleriyle i\u015f birli\u011fi i\u00e7inde y\u00fcr\u00fct\u00fclen bu d\u00fc\u015fmanc\u0131 tutumlar\u0131n bar\u0131\u015f sever h\u00fcr t\u00fcm g\u00fc\u00e7ler taraf\u0131ndan k\u0131nanmas\u0131 gerekti\u011finin alt\u0131n\u0131 \u00e7izdi.<\/p>\n<p>Suriye halk\u0131n\u0131n tarih boyunca onur, egemenlik ve toprak b\u00fct\u00fcnl\u00fc\u011f\u00fcn\u00fc \u015fan ve kahramanl\u0131kla savundu\u011funa dikkat \u00e7eken parti y\u00f6netimi; tekfirci ve gerici dayatmalara boyun e\u011fme\u011fen bu \u015fanl\u0131 halk\u0131n egemenlik ve ba\u011f\u0131ms\u0131zl\u0131\u011f\u0131n\u0131 nas\u0131l savunaca\u011f\u0131n\u0131 \u00e7ok iyi bildi\u011fini ifade etti.<\/p>\n<p>A.A. &#8211; M.M.<\/p>\n","protected":false},"excerpt":{"rendered":"<p>\u015eAM \u2013 Sosyalist Arap el Baas Partisi Ulusal Y\u00f6netimi T\u00fcrkiye rejiminin Suriye topraklar\u0131na y\u00f6nelik \u00e7irkin m\u00fcdahalesini \u015fiddetle k\u0131nad\u0131. Parti Ulusal Y\u00f6netimi bug\u00fcn yay\u0131nlad\u0131\u011f\u0131 e bir n\u00fcshas\u0131 SANA\u2019ya ula\u015ft\u0131r\u0131lan beyan\u0131nda; bu sald\u0131r\u0131n\u0131n Ankara\u2019daki zorba rejimin Suriye ve Irak\u2019ta ter\u00f6r \u00f6rg\u00fctlere her t\u00fcrl\u00fc deste\u011fiyle birlikte Suriye ve halk\u0131na y\u00f6nelik d\u00fc\u015fmanl\u0131\u011f\u0131n\u0131n bir par\u00e7as\u0131 oldu\u011funu vurgulad\u0131. T\u00fcrkiye rejiminin Suriye&#8217;nin &hellip;<\/p>\n","protected":false},"author":1,"featured_media":24542,"comment_status":"closed","ping_status":"closed","sticky":false,"template":"","format":"standard","meta":{"footnotes":""},"categories":[479,2554,2555,478],"tags":[11724,11723],"class_list":["post-24541","post","type-post","status-publish","format-standard","has-post-thumbnail","","category-haberler-yerel","category-suriye-ve-dunya","category-suriye-ve-turkiye","category-yerel","tag-sam-sosyalist-arap-el-baas-partisi-ulusal-yonetimi-turkiye-rejiminin-suriye-topraklarina-yonelik-cirkin-mudahalesini-siddetle-kinadi","tag-suriye-ve-halkina-yonelik-dusmanligin-bir-parcasi-olup-iki-kardes-halk-arasindaki-iliskilere-bir-darbedir"],"_links":{"self":[{"href":"https:\/\/archive.sana.sy\/tr\/index.php?rest_route=\/wp\/v2\/posts\/24541","targetHints":{"allow":["GET"]}}],"collection":[{"href":"https:\/\/archive.sana.sy\/tr\/index.php?rest_route=\/wp\/v2\/posts"}],"about":[{"href":"https:\/\/archive.sana.sy\/tr\/index.php?rest_route=\/wp\/v2\/types\/post"}],"author":[{"embeddable":true,"href":"https:\/\/archive.sana.sy\/tr\/index.php?rest_route=\/wp\/v2\/users\/1"}],"replies":[{"embeddable":true,"href":"https:\/\/archive.sana.sy\/tr\/index.php?rest_route=%2Fwp%2Fv2%2Fcomments&post=24541"}],"version-history":[{"count":0,"href":"https:\/\/archive.sana.sy\/tr\/index.php?rest_route=\/wp\/v2\/posts\/24541\/revisions"}],"wp:featuredmedia":[{"embeddable":true,"href":"https:\/\/archive.sana.sy\/tr\/index.php?rest_route=\/wp\/v2\/media\/24542"}],"wp:attachment":[{"href":"https:\/\/archive.sana.sy\/tr\/index.php?rest_route=%2Fwp%2Fv2%2Fmedia&parent=24541"}],"wp:term":[{"taxonomy":"category","embeddable":true,"href":"https:\/\/archive.sana.sy\/tr\/index.php?rest_route=%2Fwp%2Fv2%2Fcategories&post=24541"},{"taxonomy":"post_tag","embeddable":true,"href":"https:\/\/archive.sana.sy\/tr\/index.php?rest_route=%2Fwp%2Fv2%2Ftags&post=24541"}],"curies":[{"name":"wp","href":"https:\/\/api.w.org\/{rel}","templated":true}]}}