{"id":245440,"date":"2021-11-03T08:22:15","date_gmt":"2021-11-03T06:22:15","guid":{"rendered":"http:\/\/107.6.182.27\/tr\/?p=245440"},"modified":"2021-11-05T08:42:30","modified_gmt":"2021-11-05T06:42:30","slug":"turk-isgal-gucleri-ve-kiraliklari-dirdara-koyune-fuzelerle-saldirdi-2","status":"publish","type":"post","link":"https:\/\/archive.sana.sy\/tr\/?p=245440","title":{"rendered":"T\u00fcrk \u0130\u015fgal G\u00fc\u00e7leri ve Kiral\u0131klar\u0131, Dirdara K\u00f6y\u00fcne F\u00fczelerle Sald\u0131rd\u0131"},"content":{"rendered":"<p>HASEKE \u2013 T\u00fcrk i\u015fgal g\u00fc\u00e7leri ve destekledi\u011fi ter\u00f6r gruplar\u0131, Haseke k\u0131rsal\u0131n\u0131n kuzeybat\u0131s\u0131nda yer alan el Dirdara k\u00f6y\u00fcne f\u00fczelerle sald\u0131rd\u0131.<\/p>\n<p>Yerel kaynaklar SANA muhabirine, T\u00fcrk i\u015fgal g\u00fc\u00e7leri ve destekledi\u011fi ve Haseke k\u0131rsal\u0131n\u0131n kuzeyinde konu\u015flanan ter\u00f6r gruplar\u0131n\u0131n, Tel Temr beldesinin kuzeyindeki El Dirdara k\u00f6y\u00fcn\u00fc bombalad\u0131\u011f\u0131n\u0131 belirtti.<\/p>\n<p>Muhabir, s\u00f6z konusu sald\u0131r\u0131lar\u0131n sonucunda, vatanda\u015flar\u0131n evlerinde maddi hasarlara yol a\u00e7t\u0131\u011f\u0131na i\u015faret etti.<\/p>\n","protected":false},"excerpt":{"rendered":"<p>HASEKE \u2013 T\u00fcrk i\u015fgal g\u00fc\u00e7leri ve destekledi\u011fi ter\u00f6r gruplar\u0131, Haseke k\u0131rsal\u0131n\u0131n kuzeybat\u0131s\u0131nda yer alan el Dirdara k\u00f6y\u00fcne f\u00fczelerle sald\u0131rd\u0131. Yerel kaynaklar SANA muhabirine, T\u00fcrk i\u015fgal g\u00fc\u00e7leri ve destekledi\u011fi ve Haseke k\u0131rsal\u0131n\u0131n kuzeyinde konu\u015flanan ter\u00f6r gruplar\u0131n\u0131n, Tel Temr beldesinin kuzeyindeki El Dirdara k\u00f6y\u00fcn\u00fc bombalad\u0131\u011f\u0131n\u0131 belirtti. Muhabir, s\u00f6z konusu sald\u0131r\u0131lar\u0131n sonucunda, vatanda\u015flar\u0131n evlerinde maddi hasarlara yol a\u00e7t\u0131\u011f\u0131na &hellip;<\/p>\n","protected":false},"author":36,"featured_media":245441,"comment_status":"closed","ping_status":"closed","sticky":false,"template":"","format":"standard","meta":{"footnotes":""},"categories":[479,575,17988,2554,2555,478],"tags":[],"class_list":["post-245440","post","type-post","status-publish","format-standard","has-post-thumbnail","","category-haberler-yerel","category-olaylar-ve-gercekler","category-son-haberler","category-suriye-ve-dunya","category-suriye-ve-turkiye","category-yerel"],"_links":{"self":[{"href":"https:\/\/archive.sana.sy\/tr\/index.php?rest_route=\/wp\/v2\/posts\/245440","targetHints":{"allow":["GET"]}}],"collection":[{"href":"https:\/\/archive.sana.sy\/tr\/index.php?rest_route=\/wp\/v2\/posts"}],"about":[{"href":"https:\/\/archive.sana.sy\/tr\/index.php?rest_route=\/wp\/v2\/types\/post"}],"author":[{"embeddable":true,"href":"https:\/\/archive.sana.sy\/tr\/index.php?rest_route=\/wp\/v2\/users\/36"}],"replies":[{"embeddable":true,"href":"https:\/\/archive.sana.sy\/tr\/index.php?rest_route=%2Fwp%2Fv2%2Fcomments&post=245440"}],"version-history":[{"count":0,"href":"https:\/\/archive.sana.sy\/tr\/index.php?rest_route=\/wp\/v2\/posts\/245440\/revisions"}],"wp:featuredmedia":[{"embeddable":true,"href":"https:\/\/archive.sana.sy\/tr\/index.php?rest_route=\/wp\/v2\/media\/245441"}],"wp:attachment":[{"href":"https:\/\/archive.sana.sy\/tr\/index.php?rest_route=%2Fwp%2Fv2%2Fmedia&parent=245440"}],"wp:term":[{"taxonomy":"category","embeddable":true,"href":"https:\/\/archive.sana.sy\/tr\/index.php?rest_route=%2Fwp%2Fv2%2Fcategories&post=245440"},{"taxonomy":"post_tag","embeddable":true,"href":"https:\/\/archive.sana.sy\/tr\/index.php?rest_route=%2Fwp%2Fv2%2Ftags&post=245440"}],"curies":[{"name":"wp","href":"https:\/\/api.w.org\/{rel}","templated":true}]}}