{"id":245443,"date":"2021-11-03T08:33:22","date_gmt":"2021-11-03T06:33:22","guid":{"rendered":"http:\/\/107.6.182.27\/tr\/?p=245443"},"modified":"2021-11-04T09:58:38","modified_gmt":"2021-11-04T07:58:38","slug":"israil-fuzeli-saldirisi-sam-kirsalinda-bir-noktayi-hedef-aldi","status":"publish","type":"post","link":"https:\/\/archive.sana.sy\/tr\/?p=245443","title":{"rendered":"\u0130srail F\u00fczeli Sald\u0131r\u0131s\u0131 \u015eam K\u0131rsal\u0131nda Bir Noktay\u0131 Hedef Ald\u0131"},"content":{"rendered":"<p>\u015eAM \u2013 Gece yar\u0131s\u0131, d\u00fc\u015fman \u0130srail, \u015eam k\u0131rsal\u0131ndaki noktalardan birini hedef alan f\u00fczelerle hava sald\u0131r\u0131s\u0131 ger\u00e7ekle\u015ftirdi ve hasar maddilerle s\u0131n\u0131rl\u0131 kald\u0131.<\/p>\n<p>Askeri Kaynak SANA\u2019ya yapt\u0131\u011f\u0131 a\u00e7\u0131klamada: \u201cBu gece yakla\u015f\u0131k saat 12:58 sular\u0131nda d\u00fc\u015fman \u0130srail i\u015fgal alt\u0131ndaki Filistin\u2019in kuzey y\u00f6n\u00fcnden birka\u00e7 f\u00fcze ile \u015eam k\u0131rsal\u0131nda yer alan Zakiye b\u00f6lgesindeki bir noktay\u0131 hedef alan bir hava sald\u0131r\u0131s\u0131 d\u00fczenledi\u011fini belirtirken, zararlar\u0131n ise maddiyatla s\u0131n\u0131rl\u0131 kald\u0131\u011f\u0131na i\u015faret etti&#8221;.<\/p>\n","protected":false},"excerpt":{"rendered":"<p>\u015eAM \u2013 Gece yar\u0131s\u0131, d\u00fc\u015fman \u0130srail, \u015eam k\u0131rsal\u0131ndaki noktalardan birini hedef alan f\u00fczelerle hava sald\u0131r\u0131s\u0131 ger\u00e7ekle\u015ftirdi ve hasar maddilerle s\u0131n\u0131rl\u0131 kald\u0131. Askeri Kaynak SANA\u2019ya yapt\u0131\u011f\u0131 a\u00e7\u0131klamada: \u201cBu gece yakla\u015f\u0131k saat 12:58 sular\u0131nda d\u00fc\u015fman \u0130srail i\u015fgal alt\u0131ndaki Filistin\u2019in kuzey y\u00f6n\u00fcnden birka\u00e7 f\u00fcze ile \u015eam k\u0131rsal\u0131nda yer alan Zakiye b\u00f6lgesindeki bir noktay\u0131 hedef alan bir hava sald\u0131r\u0131s\u0131 &hellip;<\/p>\n","protected":false},"author":36,"featured_media":245445,"comment_status":"closed","ping_status":"closed","sticky":false,"template":"","format":"standard","meta":{"footnotes":""},"categories":[479,575,17988,478],"tags":[],"class_list":["post-245443","post","type-post","status-publish","format-standard","has-post-thumbnail","","category-haberler-yerel","category-olaylar-ve-gercekler","category-son-haberler","category-yerel"],"_links":{"self":[{"href":"https:\/\/archive.sana.sy\/tr\/index.php?rest_route=\/wp\/v2\/posts\/245443","targetHints":{"allow":["GET"]}}],"collection":[{"href":"https:\/\/archive.sana.sy\/tr\/index.php?rest_route=\/wp\/v2\/posts"}],"about":[{"href":"https:\/\/archive.sana.sy\/tr\/index.php?rest_route=\/wp\/v2\/types\/post"}],"author":[{"embeddable":true,"href":"https:\/\/archive.sana.sy\/tr\/index.php?rest_route=\/wp\/v2\/users\/36"}],"replies":[{"embeddable":true,"href":"https:\/\/archive.sana.sy\/tr\/index.php?rest_route=%2Fwp%2Fv2%2Fcomments&post=245443"}],"version-history":[{"count":0,"href":"https:\/\/archive.sana.sy\/tr\/index.php?rest_route=\/wp\/v2\/posts\/245443\/revisions"}],"wp:featuredmedia":[{"embeddable":true,"href":"https:\/\/archive.sana.sy\/tr\/index.php?rest_route=\/wp\/v2\/media\/245445"}],"wp:attachment":[{"href":"https:\/\/archive.sana.sy\/tr\/index.php?rest_route=%2Fwp%2Fv2%2Fmedia&parent=245443"}],"wp:term":[{"taxonomy":"category","embeddable":true,"href":"https:\/\/archive.sana.sy\/tr\/index.php?rest_route=%2Fwp%2Fv2%2Fcategories&post=245443"},{"taxonomy":"post_tag","embeddable":true,"href":"https:\/\/archive.sana.sy\/tr\/index.php?rest_route=%2Fwp%2Fv2%2Ftags&post=245443"}],"curies":[{"name":"wp","href":"https:\/\/api.w.org\/{rel}","templated":true}]}}