{"id":245473,"date":"2021-11-04T08:44:08","date_gmt":"2021-11-04T06:44:08","guid":{"rendered":"http:\/\/107.6.182.27\/tr\/?p=245473"},"modified":"2021-11-05T08:42:43","modified_gmt":"2021-11-05T06:42:43","slug":"parlamento-iliskileri-gelistirmek-icin-suriye-kuba-gorusmeleri","status":"publish","type":"post","link":"https:\/\/archive.sana.sy\/tr\/?p=245473","title":{"rendered":"Parlamento \u0130li\u015fkileri Geli\u015ftirmek \u0130\u00e7in Suriye-K\u00fcba G\u00f6r\u00fc\u015fmeleri"},"content":{"rendered":"<p>\u015eAM \u2013 Halk Meclisindeki Suriye-K\u00fcba Dostluk Komitesi ofisi ve birka\u00e7 konsey \u00fcyesi, K\u00fcba Cumhuriyeti&#8217;nin Suriye B\u00fcy\u00fckel\u00e7isi Miguel Porto Parga ile yapt\u0131\u011f\u0131 g\u00f6r\u00fc\u015fmede, iki dost \u00fclke aras\u0131ndaki parlamenter ili\u015fkileri g\u00fc\u00e7lendirmenin ve geli\u015ftirmenin yollar\u0131n\u0131 tart\u0131\u015ft\u0131.<\/p>\n<p>Toplant\u0131da komite ba\u015fkan\u0131 ve \u00fcyeleri, Suriye-K\u00fcba ili\u015fkilerinin derinli\u011fini ve k\u00f6kl\u00fcl\u00fc\u011f\u00fcn\u00fc teyit ederek, iki \u00fclkenin kendi hegemonyalar\u0131n\u0131 dayatmay\u0131 ve ba\u011f\u0131ms\u0131z kararlar\u0131na el koymay\u0131 ama\u00e7layan emperyalizm, hegemonya ve sald\u0131rganl\u0131k g\u00fc\u00e7lerine kar\u015f\u0131 m\u00fccadelede ortak olduklar\u0131n\u0131 vurgulad\u0131.<\/p>\n<p>B\u00fcy\u00fckel\u00e7i Porto Parga ise, \u00fclkesinin maruz kald\u0131\u011f\u0131 Bat\u0131l\u0131 yapt\u0131rmalar kar\u015f\u0131s\u0131nda Suriye&#8217;nin yan\u0131nda olmaya devam edece\u011fini belirtirken, Suriye&#8217;nin uluslararas\u0131 ter\u00f6rle m\u00fccadele etti\u011fine dikkat \u00e7ekti.<\/p>\n<div id='gallery-1' class='gallery galleryid-245473 gallery-columns-2 gallery-size-full'><figure class='gallery-item'>\n\t\t\t<div class='gallery-icon landscape'>\n\t\t\t\t<a href='https:\/\/archive.sana.sy\/tr\/wp-content\/uploads\/2021\/11\/6-1.gif'><img loading=\"lazy\" decoding=\"async\" width=\"800\" height=\"501\" src=\"https:\/\/archive.sana.sy\/tr\/wp-content\/uploads\/2021\/11\/6-1.gif\" class=\"attachment-full size-full\" alt=\"\" \/><\/a>\n\t\t\t<\/div><\/figure><figure class='gallery-item'>\n\t\t\t<div class='gallery-icon landscape'>\n\t\t\t\t<a href='https:\/\/archive.sana.sy\/tr\/wp-content\/uploads\/2021\/11\/66-1.gif'><img loading=\"lazy\" decoding=\"async\" width=\"800\" height=\"533\" src=\"https:\/\/archive.sana.sy\/tr\/wp-content\/uploads\/2021\/11\/66-1.gif\" class=\"attachment-full size-full\" alt=\"\" \/><\/a>\n\t\t\t<\/div><\/figure><figure class='gallery-item'>\n\t\t\t<div class='gallery-icon landscape'>\n\t\t\t\t<a href='https:\/\/archive.sana.sy\/tr\/wp-content\/uploads\/2021\/11\/KIN_6541-scaled-1.jpg'><img loading=\"lazy\" decoding=\"async\" width=\"2560\" height=\"1585\" src=\"https:\/\/archive.sana.sy\/tr\/wp-content\/uploads\/2021\/11\/KIN_6541-scaled-1.jpg\" class=\"attachment-full size-full\" alt=\"\" srcset=\"https:\/\/archive.sana.sy\/tr\/wp-content\/uploads\/2021\/11\/KIN_6541-scaled-1.jpg 2560w, https:\/\/archive.sana.sy\/tr\/wp-content\/uploads\/2021\/11\/KIN_6541-scaled-1-300x186.jpg 300w, https:\/\/archive.sana.sy\/tr\/wp-content\/uploads\/2021\/11\/KIN_6541-scaled-1-1024x634.jpg 1024w, https:\/\/archive.sana.sy\/tr\/wp-content\/uploads\/2021\/11\/KIN_6541-scaled-1-150x93.jpg 150w, https:\/\/archive.sana.sy\/tr\/wp-content\/uploads\/2021\/11\/KIN_6541-scaled-1-768x476.jpg 768w, https:\/\/archive.sana.sy\/tr\/wp-content\/uploads\/2021\/11\/KIN_6541-scaled-1-1536x951.jpg 1536w, https:\/\/archive.sana.sy\/tr\/wp-content\/uploads\/2021\/11\/KIN_6541-scaled-1-2048x1268.jpg 2048w\" sizes=\"auto, (max-width: 2560px) 100vw, 2560px\" \/><\/a>\n\t\t\t<\/div><\/figure><figure class='gallery-item'>\n\t\t\t<div class='gallery-icon landscape'>\n\t\t\t\t<a href='https:\/\/archive.sana.sy\/tr\/wp-content\/uploads\/2021\/11\/KIN_6562-scaled-1.jpg'><img loading=\"lazy\" decoding=\"async\" width=\"2560\" height=\"1694\" src=\"https:\/\/archive.sana.sy\/tr\/wp-content\/uploads\/2021\/11\/KIN_6562-scaled-1.jpg\" class=\"attachment-full size-full\" alt=\"\" srcset=\"https:\/\/archive.sana.sy\/tr\/wp-content\/uploads\/2021\/11\/KIN_6562-scaled-1.jpg 2560w, https:\/\/archive.sana.sy\/tr\/wp-content\/uploads\/2021\/11\/KIN_6562-scaled-1-300x199.jpg 300w, https:\/\/archive.sana.sy\/tr\/wp-content\/uploads\/2021\/11\/KIN_6562-scaled-1-1024x678.jpg 1024w, https:\/\/archive.sana.sy\/tr\/wp-content\/uploads\/2021\/11\/KIN_6562-scaled-1-150x99.jpg 150w, https:\/\/archive.sana.sy\/tr\/wp-content\/uploads\/2021\/11\/KIN_6562-scaled-1-768x508.jpg 768w, https:\/\/archive.sana.sy\/tr\/wp-content\/uploads\/2021\/11\/KIN_6562-scaled-1-1536x1016.jpg 1536w, https:\/\/archive.sana.sy\/tr\/wp-content\/uploads\/2021\/11\/KIN_6562-scaled-1-2048x1355.jpg 2048w, https:\/\/archive.sana.sy\/tr\/wp-content\/uploads\/2021\/11\/KIN_6562-scaled-1-310x205.jpg 310w\" sizes=\"auto, (max-width: 2560px) 100vw, 2560px\" \/><\/a>\n\t\t\t<\/div><\/figure>\n\t\t<\/div>\n\n","protected":false},"excerpt":{"rendered":"<p>\u015eAM \u2013 Halk Meclisindeki Suriye-K\u00fcba Dostluk Komitesi ofisi ve birka\u00e7 konsey \u00fcyesi, K\u00fcba Cumhuriyeti&#8217;nin Suriye B\u00fcy\u00fckel\u00e7isi Miguel Porto Parga ile yapt\u0131\u011f\u0131 g\u00f6r\u00fc\u015fmede, iki dost \u00fclke aras\u0131ndaki parlamenter ili\u015fkileri g\u00fc\u00e7lendirmenin ve geli\u015ftirmenin yollar\u0131n\u0131 tart\u0131\u015ft\u0131. Toplant\u0131da komite ba\u015fkan\u0131 ve \u00fcyeleri, Suriye-K\u00fcba ili\u015fkilerinin derinli\u011fini ve k\u00f6kl\u00fcl\u00fc\u011f\u00fcn\u00fc teyit ederek, iki \u00fclkenin kendi hegemonyalar\u0131n\u0131 dayatmay\u0131 ve ba\u011f\u0131ms\u0131z kararlar\u0131na el koymay\u0131 &hellip;<\/p>\n","protected":false},"author":36,"featured_media":245478,"comment_status":"closed","ping_status":"closed","sticky":false,"template":"","format":"standard","meta":{"footnotes":""},"categories":[596,479,17988,478],"tags":[],"class_list":["post-245473","post","type-post","status-publish","format-standard","has-post-thumbnail","","category-fotografli-raporlar","category-haberler-yerel","category-son-haberler","category-yerel"],"_links":{"self":[{"href":"https:\/\/archive.sana.sy\/tr\/index.php?rest_route=\/wp\/v2\/posts\/245473","targetHints":{"allow":["GET"]}}],"collection":[{"href":"https:\/\/archive.sana.sy\/tr\/index.php?rest_route=\/wp\/v2\/posts"}],"about":[{"href":"https:\/\/archive.sana.sy\/tr\/index.php?rest_route=\/wp\/v2\/types\/post"}],"author":[{"embeddable":true,"href":"https:\/\/archive.sana.sy\/tr\/index.php?rest_route=\/wp\/v2\/users\/36"}],"replies":[{"embeddable":true,"href":"https:\/\/archive.sana.sy\/tr\/index.php?rest_route=%2Fwp%2Fv2%2Fcomments&post=245473"}],"version-history":[{"count":0,"href":"https:\/\/archive.sana.sy\/tr\/index.php?rest_route=\/wp\/v2\/posts\/245473\/revisions"}],"wp:featuredmedia":[{"embeddable":true,"href":"https:\/\/archive.sana.sy\/tr\/index.php?rest_route=\/wp\/v2\/media\/245478"}],"wp:attachment":[{"href":"https:\/\/archive.sana.sy\/tr\/index.php?rest_route=%2Fwp%2Fv2%2Fmedia&parent=245473"}],"wp:term":[{"taxonomy":"category","embeddable":true,"href":"https:\/\/archive.sana.sy\/tr\/index.php?rest_route=%2Fwp%2Fv2%2Fcategories&post=245473"},{"taxonomy":"post_tag","embeddable":true,"href":"https:\/\/archive.sana.sy\/tr\/index.php?rest_route=%2Fwp%2Fv2%2Ftags&post=245473"}],"curies":[{"name":"wp","href":"https:\/\/api.w.org\/{rel}","templated":true}]}}