{"id":245480,"date":"2021-11-04T08:54:18","date_gmt":"2021-11-04T06:54:18","guid":{"rendered":"http:\/\/107.6.182.27\/tr\/?p=245480"},"modified":"2021-11-05T08:43:07","modified_gmt":"2021-11-05T06:43:07","slug":"rusya-savunmasi-beyaz-kasklilar-teroristleri-suriye-arap-ordusunu-suclamak-icin-provokasyonlara-hazirlaniyor","status":"publish","type":"post","link":"https:\/\/archive.sana.sy\/tr\/?p=245480","title":{"rendered":"Rusya Savunmas\u0131, &#8220;Beyaz Kaskl\u0131lar&#8221; Ter\u00f6ristleri Suriye Arap Ordusunu Su\u00e7lamak \u0130\u00e7in Provokasyonlara Haz\u0131rlan\u0131yor"},"content":{"rendered":"<p>MOSKOVA \u2013 Rusya Savunma Bakanl\u0131\u011f\u0131, s\u00f6zde &#8220;Beyaz Kaskl\u0131lar&#8221; ter\u00f6r \u00f6rg\u00fct\u00fcn\u00fcn Suriye Arap Ordusunu su\u00e7lamak i\u00e7in \u0130dlib ili&#8217;nde provokasyonlar d\u00fczenlemeye haz\u0131rland\u0131\u011f\u0131n\u0131 ilan etti.<\/p>\n<p>Rusya Koordinasyon Merkezi Ba\u015fkan Yard\u0131mc\u0131s\u0131 Tu\u011famiral Vadim Kulet yapt\u0131\u011f\u0131 a\u00e7\u0131klamada, merkezin, s\u00f6zde &#8220;Beyaz Kaskl\u0131lar&#8221; ter\u00f6r \u00f6rg\u00fct\u00fcn\u00fcn, Suriye Arap Ordusunu \u0130dlib&#8217;deki tesislere ve sivillere kar\u015f\u0131 sald\u0131r\u0131lar d\u00fczenlemekle su\u00e7lamak i\u00e7in gerginli\u011fi Azaltma B\u00f6lgesi&#8217;nde provokasyonlara haz\u0131rland\u0131\u011f\u0131 hakk\u0131nda bilgi ald\u0131\u011f\u0131n\u0131 belirtti.<\/p>\n","protected":false},"excerpt":{"rendered":"<p>MOSKOVA \u2013 Rusya Savunma Bakanl\u0131\u011f\u0131, s\u00f6zde &#8220;Beyaz Kaskl\u0131lar&#8221; ter\u00f6r \u00f6rg\u00fct\u00fcn\u00fcn Suriye Arap Ordusunu su\u00e7lamak i\u00e7in \u0130dlib ili&#8217;nde provokasyonlar d\u00fczenlemeye haz\u0131rland\u0131\u011f\u0131n\u0131 ilan etti. Rusya Koordinasyon Merkezi Ba\u015fkan Yard\u0131mc\u0131s\u0131 Tu\u011famiral Vadim Kulet yapt\u0131\u011f\u0131 a\u00e7\u0131klamada, merkezin, s\u00f6zde &#8220;Beyaz Kaskl\u0131lar&#8221; ter\u00f6r \u00f6rg\u00fct\u00fcn\u00fcn, Suriye Arap Ordusunu \u0130dlib&#8217;deki tesislere ve sivillere kar\u015f\u0131 sald\u0131r\u0131lar d\u00fczenlemekle su\u00e7lamak i\u00e7in gerginli\u011fi Azaltma B\u00f6lgesi&#8217;nde provokasyonlara haz\u0131rland\u0131\u011f\u0131 &hellip;<\/p>\n","protected":false},"author":36,"featured_media":245481,"comment_status":"closed","ping_status":"closed","sticky":false,"template":"","format":"standard","meta":{"footnotes":""},"categories":[458,459,17988],"tags":[],"class_list":["post-245480","post","type-post","status-publish","format-standard","has-post-thumbnail","","category-dunya1","category-haberler-arap-uluslararasi-politika","category-son-haberler"],"_links":{"self":[{"href":"https:\/\/archive.sana.sy\/tr\/index.php?rest_route=\/wp\/v2\/posts\/245480","targetHints":{"allow":["GET"]}}],"collection":[{"href":"https:\/\/archive.sana.sy\/tr\/index.php?rest_route=\/wp\/v2\/posts"}],"about":[{"href":"https:\/\/archive.sana.sy\/tr\/index.php?rest_route=\/wp\/v2\/types\/post"}],"author":[{"embeddable":true,"href":"https:\/\/archive.sana.sy\/tr\/index.php?rest_route=\/wp\/v2\/users\/36"}],"replies":[{"embeddable":true,"href":"https:\/\/archive.sana.sy\/tr\/index.php?rest_route=%2Fwp%2Fv2%2Fcomments&post=245480"}],"version-history":[{"count":0,"href":"https:\/\/archive.sana.sy\/tr\/index.php?rest_route=\/wp\/v2\/posts\/245480\/revisions"}],"wp:featuredmedia":[{"embeddable":true,"href":"https:\/\/archive.sana.sy\/tr\/index.php?rest_route=\/wp\/v2\/media\/245481"}],"wp:attachment":[{"href":"https:\/\/archive.sana.sy\/tr\/index.php?rest_route=%2Fwp%2Fv2%2Fmedia&parent=245480"}],"wp:term":[{"taxonomy":"category","embeddable":true,"href":"https:\/\/archive.sana.sy\/tr\/index.php?rest_route=%2Fwp%2Fv2%2Fcategories&post=245480"},{"taxonomy":"post_tag","embeddable":true,"href":"https:\/\/archive.sana.sy\/tr\/index.php?rest_route=%2Fwp%2Fv2%2Ftags&post=245480"}],"curies":[{"name":"wp","href":"https:\/\/api.w.org\/{rel}","templated":true}]}}