{"id":245506,"date":"2021-11-04T08:00:57","date_gmt":"2021-11-04T06:00:57","guid":{"rendered":"http:\/\/107.6.182.27\/tr\/?p=245506"},"modified":"2021-11-05T08:42:33","modified_gmt":"2021-11-05T06:42:33","slug":"tumgeneral-salami-amerikan-hegemonyasi-solmaya-ve-kaybolmaya-basladi","status":"publish","type":"post","link":"https:\/\/archive.sana.sy\/tr\/?p=245506","title":{"rendered":"T\u00fcmgeneral Salami: Amerikan Hegemonyas\u0131 Solmaya ve Kaybolmaya Ba\u015flad\u0131"},"content":{"rendered":"<p>TAHRAN \u2013 \u0130ran Devrim Muhaf\u0131zlar\u0131 Ba\u015fkomutan\u0131 T\u00fcmgeneral Hossein Salami, Amerikan hegemonyas\u0131n\u0131n zay\u0131flamaya ve yok olmaya ba\u015flad\u0131\u011f\u0131n\u0131 teyit etti.<\/p>\n<p>T\u00fcmgeneral Salami, Tahran ve \u0130ran il ve \u015fehirlerinde Uluslararas\u0131 K\u00fcresel Kibirle M\u00fccadele G\u00fcn\u00fc&#8217;n\u00fcn kutland\u0131\u011f\u0131 t\u00f6renlerde, ABD&#8217;nin hegemonya planlar\u0131n\u0131n a\u011f\u0131r bir yenilgiye u\u011frad\u0131\u011f\u0131n\u0131 belirtti.<\/p>\n<p>Salami Amerika&#8217;n\u0131n g\u00fcvenlik ve istikrardan bahsetti\u011fini, ancak ila\u00e7 ve g\u0131dan\u0131n kendilerine verilmedi\u011fi bir d\u00f6nemdeki halklardan s\u00f6z etti\u011fi i\u00e7in d\u00fcnyay\u0131 istikrars\u0131z hale getirdi\u011fine dikkat \u00e7ekti.<\/p>\n<p>\u0130ran general\u0131 ayr\u0131ca, \u00fclkesinin hi\u00e7bir \u00fclkeye kar\u015f\u0131 h\u0131rs\u0131 olmad\u0131\u011f\u0131n\u0131 ve sava\u015f aramad\u0131\u011f\u0131n\u0131 ve istemeyece\u011fini, ancak \u00e7\u0131karlar\u0131n\u0131 savunmaktan \u00e7ekinmeyece\u011fini yineledi.<\/p>\n<p>P.M.<\/p>\n","protected":false},"excerpt":{"rendered":"<p>TAHRAN \u2013 \u0130ran Devrim Muhaf\u0131zlar\u0131 Ba\u015fkomutan\u0131 T\u00fcmgeneral Hossein Salami, Amerikan hegemonyas\u0131n\u0131n zay\u0131flamaya ve yok olmaya ba\u015flad\u0131\u011f\u0131n\u0131 teyit etti. T\u00fcmgeneral Salami, Tahran ve \u0130ran il ve \u015fehirlerinde Uluslararas\u0131 K\u00fcresel Kibirle M\u00fccadele G\u00fcn\u00fc&#8217;n\u00fcn kutland\u0131\u011f\u0131 t\u00f6renlerde, ABD&#8217;nin hegemonya planlar\u0131n\u0131n a\u011f\u0131r bir yenilgiye u\u011frad\u0131\u011f\u0131n\u0131 belirtti. Salami Amerika&#8217;n\u0131n g\u00fcvenlik ve istikrardan bahsetti\u011fini, ancak ila\u00e7 ve g\u0131dan\u0131n kendilerine verilmedi\u011fi bir d\u00f6nemdeki &hellip;<\/p>\n","protected":false},"author":1,"featured_media":245507,"comment_status":"closed","ping_status":"closed","sticky":false,"template":"","format":"standard","meta":{"footnotes":""},"categories":[458,459,17988],"tags":[],"class_list":["post-245506","post","type-post","status-publish","format-standard","has-post-thumbnail","","category-dunya1","category-haberler-arap-uluslararasi-politika","category-son-haberler"],"_links":{"self":[{"href":"https:\/\/archive.sana.sy\/tr\/index.php?rest_route=\/wp\/v2\/posts\/245506","targetHints":{"allow":["GET"]}}],"collection":[{"href":"https:\/\/archive.sana.sy\/tr\/index.php?rest_route=\/wp\/v2\/posts"}],"about":[{"href":"https:\/\/archive.sana.sy\/tr\/index.php?rest_route=\/wp\/v2\/types\/post"}],"author":[{"embeddable":true,"href":"https:\/\/archive.sana.sy\/tr\/index.php?rest_route=\/wp\/v2\/users\/1"}],"replies":[{"embeddable":true,"href":"https:\/\/archive.sana.sy\/tr\/index.php?rest_route=%2Fwp%2Fv2%2Fcomments&post=245506"}],"version-history":[{"count":0,"href":"https:\/\/archive.sana.sy\/tr\/index.php?rest_route=\/wp\/v2\/posts\/245506\/revisions"}],"wp:featuredmedia":[{"embeddable":true,"href":"https:\/\/archive.sana.sy\/tr\/index.php?rest_route=\/wp\/v2\/media\/245507"}],"wp:attachment":[{"href":"https:\/\/archive.sana.sy\/tr\/index.php?rest_route=%2Fwp%2Fv2%2Fmedia&parent=245506"}],"wp:term":[{"taxonomy":"category","embeddable":true,"href":"https:\/\/archive.sana.sy\/tr\/index.php?rest_route=%2Fwp%2Fv2%2Fcategories&post=245506"},{"taxonomy":"post_tag","embeddable":true,"href":"https:\/\/archive.sana.sy\/tr\/index.php?rest_route=%2Fwp%2Fv2%2Ftags&post=245506"}],"curies":[{"name":"wp","href":"https:\/\/api.w.org\/{rel}","templated":true}]}}