{"id":245509,"date":"2021-11-04T08:05:40","date_gmt":"2021-11-04T06:05:40","guid":{"rendered":"http:\/\/107.6.182.27\/tr\/?p=245509"},"modified":"2021-11-05T08:42:36","modified_gmt":"2021-11-05T06:42:36","slug":"azerbaycan-cumhurbaskani-ermenistan-ile-baris-anlasmasi-imzalamaya-haziriz","status":"publish","type":"post","link":"https:\/\/archive.sana.sy\/tr\/?p=245509","title":{"rendered":"Azerbaycan Cumhurba\u015fkan\u0131: Ermenistan \u0130le Bar\u0131\u015f Anla\u015fmas\u0131 \u0130mzalamaya Haz\u0131r\u0131z"},"content":{"rendered":"<p>BAK\u00dc \u2013 Azerbaycan Cumhurba\u015fkan\u0131 \u0130lham Aliyev, Ermenistan ile m\u00fczakerelere ba\u015flamaya ve bir bar\u0131\u015f anla\u015fmas\u0131 imzalamaya haz\u0131r oldu\u011funu a\u00e7\u0131klad\u0131.<\/p>\n<p>Aliyev bug\u00fcn Rus TASS ajans\u0131na yapt\u0131\u011f\u0131 a\u00e7\u0131klamada, \u201cAzerbaycan, Ermenistan&#8217;a bir bar\u0131\u015f anla\u015fmas\u0131 haz\u0131rlama \u00e7al\u0131\u015fmalar\u0131na ba\u015flamas\u0131n\u0131 teklif etti ve biz sava\u015f hakk\u0131nda de\u011fil bar\u0131\u015f hakk\u0131nda konu\u015fmak istiyoruz ve s\u0131n\u0131rlar\u0131n \u00e7izilmesi ve tan\u0131mlanmas\u0131 konusunda \u00e7al\u0131\u015fmalara ba\u015flamay\u0131 \u00f6nerdik\u201d dedi.<\/p>\n<p>Aliyev, \u201cGelece\u011fe bakmal\u0131y\u0131z, gelece\u011fimizi g\u00fcvenli ve \u00f6ng\u00f6r\u00fclebilir g\u00f6rmek istiyoruz ve geni\u015f i\u015fbirli\u011fine haz\u0131r\u0131z\u201ddiye s\u00f6zlerine ekledi.<\/p>\n<p>Bu arada Ermenistan D\u0131\u015fi\u015fleri Bakan Yard\u0131mc\u0131s\u0131 Vahi Gevorkian, \u201cErmeni-Azerbaycan s\u0131n\u0131r\u0131n\u0131n \u00e7izilmesi konusunda \u015fu anda m\u00fczakereler yap\u0131lmamaktad\u0131r\u201d dedi.<\/p>\n<p>\u00dclkesinin parlamentosu \u00f6n\u00fcnde Gevorkian, \u201cAzerbaycan ile s\u0131n\u0131r\u0131n \u00e7izilmesine ili\u015fkin m\u00fczakereler hakk\u0131nda konu\u015fmak i\u00e7in, ba\u015flang\u0131\u00e7ta s\u0131n\u0131r belirleme m\u00fczakerelerinin yap\u0131lmas\u0131 gerekiyor.. \u015eu ana kadar b\u00f6yle bir m\u00fczakere yok, bu y\u00fczden bize yol g\u00f6sterecek haritalar\u0131 ve belgeleri belirlemek i\u00e7in hen\u00fcz \u00e7ok erken.. Ancak m\u00fczakereler ger\u00e7ekle\u015fti\u011finde bu konuya geri d\u00f6nmek m\u00fcmk\u00fcn olacakt\u0131r&#8221; ifadeleri kulland\u0131.<\/p>\n<p>P.M.<\/p>\n","protected":false},"excerpt":{"rendered":"<p>BAK\u00dc \u2013 Azerbaycan Cumhurba\u015fkan\u0131 \u0130lham Aliyev, Ermenistan ile m\u00fczakerelere ba\u015flamaya ve bir bar\u0131\u015f anla\u015fmas\u0131 imzalamaya haz\u0131r oldu\u011funu a\u00e7\u0131klad\u0131. Aliyev bug\u00fcn Rus TASS ajans\u0131na yapt\u0131\u011f\u0131 a\u00e7\u0131klamada, \u201cAzerbaycan, Ermenistan&#8217;a bir bar\u0131\u015f anla\u015fmas\u0131 haz\u0131rlama \u00e7al\u0131\u015fmalar\u0131na ba\u015flamas\u0131n\u0131 teklif etti ve biz sava\u015f hakk\u0131nda de\u011fil bar\u0131\u015f hakk\u0131nda konu\u015fmak istiyoruz ve s\u0131n\u0131rlar\u0131n \u00e7izilmesi ve tan\u0131mlanmas\u0131 konusunda \u00e7al\u0131\u015fmalara ba\u015flamay\u0131 \u00f6nerdik\u201d dedi. Aliyev, &hellip;<\/p>\n","protected":false},"author":1,"featured_media":245510,"comment_status":"closed","ping_status":"closed","sticky":false,"template":"","format":"standard","meta":{"footnotes":""},"categories":[458,459,17988],"tags":[],"class_list":["post-245509","post","type-post","status-publish","format-standard","has-post-thumbnail","","category-dunya1","category-haberler-arap-uluslararasi-politika","category-son-haberler"],"_links":{"self":[{"href":"https:\/\/archive.sana.sy\/tr\/index.php?rest_route=\/wp\/v2\/posts\/245509","targetHints":{"allow":["GET"]}}],"collection":[{"href":"https:\/\/archive.sana.sy\/tr\/index.php?rest_route=\/wp\/v2\/posts"}],"about":[{"href":"https:\/\/archive.sana.sy\/tr\/index.php?rest_route=\/wp\/v2\/types\/post"}],"author":[{"embeddable":true,"href":"https:\/\/archive.sana.sy\/tr\/index.php?rest_route=\/wp\/v2\/users\/1"}],"replies":[{"embeddable":true,"href":"https:\/\/archive.sana.sy\/tr\/index.php?rest_route=%2Fwp%2Fv2%2Fcomments&post=245509"}],"version-history":[{"count":0,"href":"https:\/\/archive.sana.sy\/tr\/index.php?rest_route=\/wp\/v2\/posts\/245509\/revisions"}],"wp:featuredmedia":[{"embeddable":true,"href":"https:\/\/archive.sana.sy\/tr\/index.php?rest_route=\/wp\/v2\/media\/245510"}],"wp:attachment":[{"href":"https:\/\/archive.sana.sy\/tr\/index.php?rest_route=%2Fwp%2Fv2%2Fmedia&parent=245509"}],"wp:term":[{"taxonomy":"category","embeddable":true,"href":"https:\/\/archive.sana.sy\/tr\/index.php?rest_route=%2Fwp%2Fv2%2Fcategories&post=245509"},{"taxonomy":"post_tag","embeddable":true,"href":"https:\/\/archive.sana.sy\/tr\/index.php?rest_route=%2Fwp%2Fv2%2Ftags&post=245509"}],"curies":[{"name":"wp","href":"https:\/\/api.w.org\/{rel}","templated":true}]}}