{"id":24554,"date":"2015-02-22T20:00:42","date_gmt":"2015-02-22T18:00:42","guid":{"rendered":"http:\/\/www.sana.sy\/tr\/?p=24554"},"modified":"2015-02-23T12:17:31","modified_gmt":"2015-02-23T10:17:31","slug":"teror-ceteleri-yeniden-sivillere-saldirdi","status":"publish","type":"post","link":"https:\/\/archive.sana.sy\/tr\/?p=24554","title":{"rendered":"Ter\u00f6r \u00c7eteleri Yeniden Sivillere Sald\u0131rd\u0131"},"content":{"rendered":"<p>\u015eAM \u2013 Kimi devletlerin \u2018Il\u0131ml\u0131 muhalifler\u2019 yada \u2018Suriyeli muhalifler\u2019 ad\u0131 alt\u0131nda ars\u0131zca desteklemeye devam ettikleri ter\u00f6r \u00e7eteleri bug\u00fcn muhtelif b\u00f6lgelerde sivil yerle\u015fim alanlar\u0131 ve masum insanlar\u0131 hain f\u00fczelerle hedef almaya devam etti.<\/p>\n<p>Emniyet M\u00fcd\u00fcrl\u00fc\u011f\u00fcnde bir kaynak SANA\u2019ya a\u00e7\u0131klamas\u0131nda ter\u00f6ristlerin f\u0131rlatt\u0131\u011f\u0131 bir f\u00fczenin Eski \u015eam\u2019\u0131n Bab Tuma Semtinde el Cuvra mahallesine d\u00fc\u015fmesi sonucunda be\u015feri hasar\u0131n olmad\u0131\u011f\u0131n\u0131, fakat bir vatanda\u015fa ait evde b\u00fcy\u00fck maddi zarar\u0131n olu\u015ftu\u011funu ifade etti.<\/p>\n<p>G\u00fcn\u00fcn ilerleyen saatlerinde kaynak yapt\u0131\u011f\u0131 a\u00e7\u0131klamada ter\u00f6ristlerin \u015eam&#8217;\u0131n sivil yerle\u015fim alanlar\u0131ndan Bab Tuma ve kenar mahallelerden U\u015f el V\u0131rvar Semtini ayr\u0131 ayr\u0131 birer f\u00fczeyle hedef ald\u0131klar\u0131n\u0131 aktard\u0131.<\/p>\n<p>Kaynak hain sald\u0131r\u0131lar sonucunda bir kad\u0131n\u0131n \u015fehit d\u00fc\u015ft\u00fc\u011f\u00fcn\u00fc, k\u00fc\u00e7\u00fck o\u011flunun da yaraland\u0131\u011f\u0131n\u0131 belirtti.<\/p>\n<p>M.M. &#8211; A.A.<\/p>\n","protected":false},"excerpt":{"rendered":"<p>\u015eAM \u2013 Kimi devletlerin \u2018Il\u0131ml\u0131 muhalifler\u2019 yada \u2018Suriyeli muhalifler\u2019 ad\u0131 alt\u0131nda ars\u0131zca desteklemeye devam ettikleri ter\u00f6r \u00e7eteleri bug\u00fcn muhtelif b\u00f6lgelerde sivil yerle\u015fim alanlar\u0131 ve masum insanlar\u0131 hain f\u00fczelerle hedef almaya devam etti. Emniyet M\u00fcd\u00fcrl\u00fc\u011f\u00fcnde bir kaynak SANA\u2019ya a\u00e7\u0131klamas\u0131nda ter\u00f6ristlerin f\u0131rlatt\u0131\u011f\u0131 bir f\u00fczenin Eski \u015eam\u2019\u0131n Bab Tuma Semtinde el Cuvra mahallesine d\u00fc\u015fmesi sonucunda be\u015feri hasar\u0131n olmad\u0131\u011f\u0131n\u0131, &hellip;<\/p>\n","protected":false},"author":1,"featured_media":22163,"comment_status":"closed","ping_status":"closed","sticky":false,"template":"","format":"standard","meta":{"footnotes":""},"categories":[575],"tags":[],"class_list":["post-24554","post","type-post","status-publish","format-standard","has-post-thumbnail","","category-olaylar-ve-gercekler"],"_links":{"self":[{"href":"https:\/\/archive.sana.sy\/tr\/index.php?rest_route=\/wp\/v2\/posts\/24554","targetHints":{"allow":["GET"]}}],"collection":[{"href":"https:\/\/archive.sana.sy\/tr\/index.php?rest_route=\/wp\/v2\/posts"}],"about":[{"href":"https:\/\/archive.sana.sy\/tr\/index.php?rest_route=\/wp\/v2\/types\/post"}],"author":[{"embeddable":true,"href":"https:\/\/archive.sana.sy\/tr\/index.php?rest_route=\/wp\/v2\/users\/1"}],"replies":[{"embeddable":true,"href":"https:\/\/archive.sana.sy\/tr\/index.php?rest_route=%2Fwp%2Fv2%2Fcomments&post=24554"}],"version-history":[{"count":0,"href":"https:\/\/archive.sana.sy\/tr\/index.php?rest_route=\/wp\/v2\/posts\/24554\/revisions"}],"wp:featuredmedia":[{"embeddable":true,"href":"https:\/\/archive.sana.sy\/tr\/index.php?rest_route=\/wp\/v2\/media\/22163"}],"wp:attachment":[{"href":"https:\/\/archive.sana.sy\/tr\/index.php?rest_route=%2Fwp%2Fv2%2Fmedia&parent=24554"}],"wp:term":[{"taxonomy":"category","embeddable":true,"href":"https:\/\/archive.sana.sy\/tr\/index.php?rest_route=%2Fwp%2Fv2%2Fcategories&post=24554"},{"taxonomy":"post_tag","embeddable":true,"href":"https:\/\/archive.sana.sy\/tr\/index.php?rest_route=%2Fwp%2Fv2%2Ftags&post=24554"}],"curies":[{"name":"wp","href":"https:\/\/api.w.org\/{rel}","templated":true}]}}