{"id":24560,"date":"2015-02-22T20:56:50","date_gmt":"2015-02-22T18:56:50","guid":{"rendered":"http:\/\/www.sana.sy\/tr\/?p=24560"},"modified":"2015-02-22T20:57:28","modified_gmt":"2015-02-22T18:57:28","slug":"abd-ve-turkiyenin-politikalari-uluslar-arasi-kararlara-aykiridir","status":"publish","type":"post","link":"https:\/\/archive.sana.sy\/tr\/?p=24560","title":{"rendered":"ABD ve T\u00fcrkiye&#8217;nin Politikalar\u0131 Uluslar aras\u0131 Kararlara Ayk\u0131r\u0131d\u0131r"},"content":{"rendered":"<p>TAHRAN \u2013 \u0130ran D\u0131\u015fi\u015fleri Bakanl\u0131\u011f\u0131 resmi s\u00f6zc\u00fcs\u00fc Murziye Afham; ABD ve T\u00fcrkiye dahil kimi b\u00f6lge devletlerin \u2018\u0131l\u0131ml\u0131 muhalifler\u2019 olarak adland\u0131rd\u0131klar\u0131 ter\u00f6r \u00f6rg\u00fctleri e\u011fitme ve silahland\u0131rman\u0131n uluslar aras\u0131 kanun ve kararlar\u0131n yan\u0131 s\u0131ra BM misak\u0131na tamamen ayk\u0131r\u0131 d\u00fc\u015ft\u00fc\u011f\u00fcn\u00fc belirtti.<\/p>\n<p>Afham bug\u00fcn yapt\u0131\u011f\u0131 bas\u0131n a\u00e7\u0131klamalar\u0131nda; bunun ayn\u0131 zamanda I\u015e\u0130D ve Nusra Cephesi gibi ter\u00f6r \u00f6rg\u00fctlerin t\u00fcremesine yol a\u00e7an stratejik hatalar\u0131n tekrarlanmas\u0131 anlam\u0131na geldi\u011finin alt\u0131n\u0131 \u00e7izdi.<\/p>\n<p>ABD ve T\u00fcrkiye dahil kimi devletlerin ter\u00f6r \u00f6rg\u00fctleri edat olarak kulland\u0131klar\u0131na dikkat \u00e7eken Afham; ter\u00f6r\u00fcn b\u00f6lge ve t\u00fcm d\u00fcnyan\u0131n g\u00fcvenli\u011fini tehdit ettikleri bir zamanda s\u00f6z konusu bu devletlerin hatal\u0131 politikalar\u0131na devam ettiklerini s\u00f6yledi.<\/p>\n<p>Afham BM\u2019nin ABD ve m\u00fcttefiklerinin bu politikalar\u0131 kar\u015f\u0131s\u0131nda tak\u0131nd\u0131\u011f\u0131 sessiz tutumu ele\u015ftirirken; Halep\u2019te ate\u015fkesin sa\u011flanmas\u0131 ve Suriye&#8217;deki krize bar\u0131\u015f\u00e7\u0131l \u00e7\u00f6z\u00fcm bulma \u00e7abalar\u0131na ilaveten genel olarak BM misak\u0131 ile \u00e7eli\u015fti\u011finin alt\u0131n\u0131 \u00e7izdi.<\/p>\n<p>ABD\u2019nin Ankara\u2019daki b\u00fcy\u00fckel\u00e7ili\u011fi bu ay\u0131n 19\u2019unda \u2018Suriyeli \u0131l\u0131ml\u0131 muhalifler\u2019 ad\u0131n\u0131 verdikleri kiral\u0131k ve hain ter\u00f6r \u00f6rg\u00fctlere e\u011fitip donatma konusunda T\u00fcrkiye&#8217;deki ihvanc\u0131 rejimle anla\u015fmaya vard\u0131\u011f\u0131n\u0131 ilan etmi\u015fti.<\/p>\n<p>A.A. &#8211; M.M.<\/p>\n","protected":false},"excerpt":{"rendered":"<p>TAHRAN \u2013 \u0130ran D\u0131\u015fi\u015fleri Bakanl\u0131\u011f\u0131 resmi s\u00f6zc\u00fcs\u00fc Murziye Afham; ABD ve T\u00fcrkiye dahil kimi b\u00f6lge devletlerin \u2018\u0131l\u0131ml\u0131 muhalifler\u2019 olarak adland\u0131rd\u0131klar\u0131 ter\u00f6r \u00f6rg\u00fctleri e\u011fitme ve silahland\u0131rman\u0131n uluslar aras\u0131 kanun ve kararlar\u0131n yan\u0131 s\u0131ra BM misak\u0131na tamamen ayk\u0131r\u0131 d\u00fc\u015ft\u00fc\u011f\u00fcn\u00fc belirtti. Afham bug\u00fcn yapt\u0131\u011f\u0131 bas\u0131n a\u00e7\u0131klamalar\u0131nda; bunun ayn\u0131 zamanda I\u015e\u0130D ve Nusra Cephesi gibi ter\u00f6r \u00f6rg\u00fctlerin t\u00fcremesine yol &hellip;<\/p>\n","protected":false},"author":1,"featured_media":24561,"comment_status":"closed","ping_status":"closed","sticky":false,"template":"","format":"standard","meta":{"footnotes":""},"categories":[458,459,447,2554,2555],"tags":[11730,11731],"class_list":["post-24560","post","type-post","status-publish","format-standard","has-post-thumbnail","","category-dunya1","category-haberler-arap-uluslararasi-politika","category-politika","category-suriye-ve-dunya","category-suriye-ve-turkiye","tag-abd-ve-turkiyenin-politikalari-uluslar-arasi-kararlara-aykiridir","tag-tahran-iran-disisleri-bakanligi-resmi-sozcusu-murziye-afham-abd-ve-turkiye-dahil-kimi-bolge-devletlerin-ilimli-muhalifler-olarak-adlandirdiklari-teror-orgutleri-egitme-ve"],"_links":{"self":[{"href":"https:\/\/archive.sana.sy\/tr\/index.php?rest_route=\/wp\/v2\/posts\/24560","targetHints":{"allow":["GET"]}}],"collection":[{"href":"https:\/\/archive.sana.sy\/tr\/index.php?rest_route=\/wp\/v2\/posts"}],"about":[{"href":"https:\/\/archive.sana.sy\/tr\/index.php?rest_route=\/wp\/v2\/types\/post"}],"author":[{"embeddable":true,"href":"https:\/\/archive.sana.sy\/tr\/index.php?rest_route=\/wp\/v2\/users\/1"}],"replies":[{"embeddable":true,"href":"https:\/\/archive.sana.sy\/tr\/index.php?rest_route=%2Fwp%2Fv2%2Fcomments&post=24560"}],"version-history":[{"count":0,"href":"https:\/\/archive.sana.sy\/tr\/index.php?rest_route=\/wp\/v2\/posts\/24560\/revisions"}],"wp:featuredmedia":[{"embeddable":true,"href":"https:\/\/archive.sana.sy\/tr\/index.php?rest_route=\/wp\/v2\/media\/24561"}],"wp:attachment":[{"href":"https:\/\/archive.sana.sy\/tr\/index.php?rest_route=%2Fwp%2Fv2%2Fmedia&parent=24560"}],"wp:term":[{"taxonomy":"category","embeddable":true,"href":"https:\/\/archive.sana.sy\/tr\/index.php?rest_route=%2Fwp%2Fv2%2Fcategories&post=24560"},{"taxonomy":"post_tag","embeddable":true,"href":"https:\/\/archive.sana.sy\/tr\/index.php?rest_route=%2Fwp%2Fv2%2Ftags&post=24560"}],"curies":[{"name":"wp","href":"https:\/\/api.w.org\/{rel}","templated":true}]}}