{"id":24563,"date":"2015-02-22T21:07:19","date_gmt":"2015-02-22T19:07:19","guid":{"rendered":"http:\/\/www.sana.sy\/tr\/?p=24563"},"modified":"2015-02-22T21:07:19","modified_gmt":"2015-02-22T19:07:19","slug":"mikdat-saldiri-turkiye-rejiminin-gercek-yuzunun-yansimasidir","status":"publish","type":"post","link":"https:\/\/archive.sana.sy\/tr\/?p=24563","title":{"rendered":"Mikdat: Sald\u0131r\u0131 T\u00fcrkiye Rejiminin Ger\u00e7ek Y\u00fcz\u00fcn\u00fcn Yans\u0131mas\u0131d\u0131r"},"content":{"rendered":"<p>\u015eAM \u2013 D\u0131\u015fi\u015fleri ve Gurbet\u00e7iler Bakan\u0131 Yard\u0131mc\u0131s\u0131 Faysal el Mikdat, T\u00fcrkiye rejiminin Suriye\u2019ye kar\u015f\u0131 bug\u00fcnk\u00fc yeni sald\u0131r\u0131s\u0131n\u0131n T\u00fcrkiye\u2019nin Suriye topraklar\u0131, egemenli\u011fi ve T\u00fcrkiye halk\u0131 ile Suriye aras\u0131ndaki dostane ili\u015fkiye kar\u015f\u0131 yeni bir ihlal te\u015fkil etti\u011fini dile getirdi.<\/p>\n<p>Bug\u00fcn el Meyadin televizyonunda bir programa kat\u0131lan Mikdat sald\u0131r\u0131y\u0131; silahl\u0131 ter\u00f6r gruplar\u0131na s\u0131n\u0131rs\u0131z finans, silah ve lojistik destek veren ve Suriye\u2019ye kar\u015f\u0131 ard\u0131 ard\u0131na sald\u0131r\u0131lar d\u00fczenleyen T\u00fcrkiye rejiminin ger\u00e7ek y\u00fcz\u00fcn\u00fcn yans\u0131mas\u0131 olarak nitelendirdi.<\/p>\n<p>Recep Tayip Erdo\u011fan ile I\u015e\u0130D ter\u00f6r \u00f6rg\u00fct\u00fc aras\u0131ndaki dostane ili\u015fkilerin; T\u00fcrkiye rejimini Suriye topraklar\u0131 ve egemenli\u011fine kar\u015f\u0131 b\u00f6ylesi al\u00e7ak\u00e7a bir ihlale te\u015fvik etti\u011fine dikkat \u00e7eken Mikdat; T\u00fcrkiye rejiminin, bu sald\u0131r\u0131s\u0131n\u0131n ve b\u00fct\u00fcn sald\u0131r\u0131lar\u0131n\u0131n sonu\u00e7lar\u0131na tahamm\u00fcl etmek zorunda kalaca\u011f\u0131n\u0131 belirtti.<\/p>\n<p>Suriye\u2019nin ge\u00e7mi\u015f y\u0131llar boyunca bu konuyla, belli icraatlar arac\u0131l\u0131\u011f\u0131yla ilgilendi\u011fine i\u015faret eden Mikdat; Suriye\u2019nin, topraklar\u0131n\u0131 savunma hakk\u0131na sahip oldu\u011funu ve T\u00fcrkiye h\u00fck\u00fcmetinin yapt\u0131\u011f\u0131 bu son icraata gerekti\u011fi \u015fekilde cevap verilece\u011finin alt\u0131n\u0131 \u00e7izdi.<br \/>\n1921 y\u0131l\u0131ndan bu yana Suriye\u2019nin, S\u00fcleyman \u015eah t\u00fcrbesiyle ilgili, Frans\u0131z i\u015fgalciler ile o zamanki T\u00fcrkiye h\u00fck\u00fcmeti aras\u0131ndaki uzla\u015fmaya sayg\u0131 \u00e7er\u00e7evesinde team\u00fcl etti\u011fine ancak T\u00fcrkiye\u2019nin konuyla ilgili tarihi ger\u00e7ekleri \u00e7arp\u0131tt\u0131\u011f\u0131na dikkat \u00e7eken Mikdat; ellerini Suriye halk\u0131n\u0131n kan\u0131na bulayan Ahmet Davuto\u011flu\u2019nun konuyla ilgili a\u00e7\u0131klamalar\u0131n\u0131n T\u00fcrkiye\u2019nin Suriye ile ilgili politikalar\u0131n\u0131n net bir yans\u0131mas\u0131 oldu\u011funu belirtti.<\/p>\n<p>Davuto\u011flu\u2019nun a\u00e7\u0131klamalar\u0131n\u0131 Suriye\u2019ye kar\u015f\u0131 sald\u0131r\u0131lar\u0131n ve sava\u015f\u0131n s\u00fcresinin uzat\u0131lmas\u0131n\u0131 hedefleyen ABD \u2013 T\u00fcrkiye anla\u015fmas\u0131n\u0131n da yans\u0131mas\u0131 olarak nitelendiren Mikdat; s\u00f6z konusu a\u00e7\u0131klamalar\u0131n T\u00fcrkiye ile I\u015e\u0130D aras\u0131ndaki direk i\u015fbirli\u011finin kan\u0131t\u0131n\u0131 te\u015fkil etti\u011fini vurgulad\u0131.<\/p>\n<p>Suriye\u2019nin; T\u00fcrkiye-I\u015e\u0130D ve el Kaide\u2019ye ba\u011fl\u0131 di\u011fer ter\u00f6r \u00f6rg\u00fctleri aras\u0131ndaki koalisyon ili\u015fkisini d\u00fcnya kamuoyuna havale etti\u011fini dile getiren Mikdat; Suriye\u2019nin bu son sald\u0131r\u0131yla ilgili b\u00fct\u00fcn geli\u015fmeleri takip ederek ve ara\u015ft\u0131rmalar\u0131n\u0131 s\u00fcrd\u00fcrece\u011fini, bu sald\u0131r\u0131n\u0131n bedelini Erdo\u011fan-Davuto\u011flu h\u00fck\u00fcmetine \u00f6detilece\u011finin alt\u0131n\u0131 \u00e7izdi.<\/p>\n<p>F.B. &#8211; M.M.<\/p>\n","protected":false},"excerpt":{"rendered":"<p>\u015eAM \u2013 D\u0131\u015fi\u015fleri ve Gurbet\u00e7iler Bakan\u0131 Yard\u0131mc\u0131s\u0131 Faysal el Mikdat, T\u00fcrkiye rejiminin Suriye\u2019ye kar\u015f\u0131 bug\u00fcnk\u00fc yeni sald\u0131r\u0131s\u0131n\u0131n T\u00fcrkiye\u2019nin Suriye topraklar\u0131, egemenli\u011fi ve T\u00fcrkiye halk\u0131 ile Suriye aras\u0131ndaki dostane ili\u015fkiye kar\u015f\u0131 yeni bir ihlal te\u015fkil etti\u011fini dile getirdi. Bug\u00fcn el Meyadin televizyonunda bir programa kat\u0131lan Mikdat sald\u0131r\u0131y\u0131; silahl\u0131 ter\u00f6r gruplar\u0131na s\u0131n\u0131rs\u0131z finans, silah ve lojistik destek &hellip;<\/p>\n","protected":false},"author":1,"featured_media":24564,"comment_status":"closed","ping_status":"closed","sticky":false,"template":"","format":"standard","meta":{"footnotes":""},"categories":[479,2554,2555,478],"tags":[11734,11732,11571,11733],"class_list":["post-24563","post","type-post","status-publish","format-standard","has-post-thumbnail","","category-haberler-yerel","category-suriye-ve-dunya","category-suriye-ve-turkiye","category-yerel","tag-egemenligi-ve-turkiye-halki-ile-suriye-arasindaki-dostane-iliskiye-karsi-yeni-bir-ihlal-teskil-ettigini-dile-getirdi","tag-mikdat-saldiri-turkiye-rejiminin-gercek-yuzunun-yansimasidir","tag-sam-disisleri-ve-gurbetciler-bakani-yardimcisi-faysal-el-mikdat","tag-turkiye-rejiminin-suriyeye-karsi-bugunku-yeni-saldirisinin-turkiyenin-suriye-topraklari"],"_links":{"self":[{"href":"https:\/\/archive.sana.sy\/tr\/index.php?rest_route=\/wp\/v2\/posts\/24563","targetHints":{"allow":["GET"]}}],"collection":[{"href":"https:\/\/archive.sana.sy\/tr\/index.php?rest_route=\/wp\/v2\/posts"}],"about":[{"href":"https:\/\/archive.sana.sy\/tr\/index.php?rest_route=\/wp\/v2\/types\/post"}],"author":[{"embeddable":true,"href":"https:\/\/archive.sana.sy\/tr\/index.php?rest_route=\/wp\/v2\/users\/1"}],"replies":[{"embeddable":true,"href":"https:\/\/archive.sana.sy\/tr\/index.php?rest_route=%2Fwp%2Fv2%2Fcomments&post=24563"}],"version-history":[{"count":0,"href":"https:\/\/archive.sana.sy\/tr\/index.php?rest_route=\/wp\/v2\/posts\/24563\/revisions"}],"wp:featuredmedia":[{"embeddable":true,"href":"https:\/\/archive.sana.sy\/tr\/index.php?rest_route=\/wp\/v2\/media\/24564"}],"wp:attachment":[{"href":"https:\/\/archive.sana.sy\/tr\/index.php?rest_route=%2Fwp%2Fv2%2Fmedia&parent=24563"}],"wp:term":[{"taxonomy":"category","embeddable":true,"href":"https:\/\/archive.sana.sy\/tr\/index.php?rest_route=%2Fwp%2Fv2%2Fcategories&post=24563"},{"taxonomy":"post_tag","embeddable":true,"href":"https:\/\/archive.sana.sy\/tr\/index.php?rest_route=%2Fwp%2Fv2%2Ftags&post=24563"}],"curies":[{"name":"wp","href":"https:\/\/api.w.org\/{rel}","templated":true}]}}