{"id":245638,"date":"2021-11-07T09:33:58","date_gmt":"2021-11-07T07:33:58","guid":{"rendered":"http:\/\/107.6.182.27\/tr\/?p=245638"},"modified":"2021-11-10T08:26:57","modified_gmt":"2021-11-10T06:26:57","slug":"irak-icisleri-bakanligi-kazemiye-yonelik-suikast-girisimi-uc-insansiz-hava-araciyla-gerceklestirildi","status":"publish","type":"post","link":"https:\/\/archive.sana.sy\/tr\/?p=245638","title":{"rendered":"Irak \u0130\u00e7i\u015fleri Bakanl\u0131\u011f\u0131: Kazemi&#8217;ye Y\u00f6nelik Suikast Giri\u015fimi \u00dc\u00e7 \u0130nsans\u0131z Hava Arac\u0131yla Ger\u00e7ekle\u015ftirildi"},"content":{"rendered":"<p>BA\u011eDAT \u2013 Irak \u0130\u00e7i\u015fleri Bakanl\u0131\u011f\u0131 bug\u00fcn, Ba\u015fbakan Mustafa El Kazemi&#8217;ye y\u00f6nelik suikast giri\u015fiminin, ikisi g\u00fcvenlik g\u00fc\u00e7leri taraf\u0131ndan d\u00fc\u015f\u00fcr\u00fclen \u00fc\u00e7 insans\u0131z hava arac\u0131yla ger\u00e7ekle\u015fti\u011fini ilan etti.<\/p>\n<p>Irak \u0130\u00e7i\u015fleri Bakanl\u0131\u011f\u0131, Ba\u015fbakan&#8217;\u0131 hedef alman\u0131n ter\u00f6r eylemi oldu\u011funu ve kategorik olarak reddedildi\u011fini belirtti.<\/p>\n","protected":false},"excerpt":{"rendered":"<p>BA\u011eDAT \u2013 Irak \u0130\u00e7i\u015fleri Bakanl\u0131\u011f\u0131 bug\u00fcn, Ba\u015fbakan Mustafa El Kazemi&#8217;ye y\u00f6nelik suikast giri\u015fiminin, ikisi g\u00fcvenlik g\u00fc\u00e7leri taraf\u0131ndan d\u00fc\u015f\u00fcr\u00fclen \u00fc\u00e7 insans\u0131z hava arac\u0131yla ger\u00e7ekle\u015fti\u011fini ilan etti. Irak \u0130\u00e7i\u015fleri Bakanl\u0131\u011f\u0131, Ba\u015fbakan&#8217;\u0131 hedef alman\u0131n ter\u00f6r eylemi oldu\u011funu ve kategorik olarak reddedildi\u011fini belirtti.<\/p>\n","protected":false},"author":36,"featured_media":245639,"comment_status":"closed","ping_status":"closed","sticky":false,"template":"","format":"standard","meta":{"footnotes":""},"categories":[458,459,17988],"tags":[],"class_list":["post-245638","post","type-post","status-publish","format-standard","has-post-thumbnail","","category-dunya1","category-haberler-arap-uluslararasi-politika","category-son-haberler"],"_links":{"self":[{"href":"https:\/\/archive.sana.sy\/tr\/index.php?rest_route=\/wp\/v2\/posts\/245638","targetHints":{"allow":["GET"]}}],"collection":[{"href":"https:\/\/archive.sana.sy\/tr\/index.php?rest_route=\/wp\/v2\/posts"}],"about":[{"href":"https:\/\/archive.sana.sy\/tr\/index.php?rest_route=\/wp\/v2\/types\/post"}],"author":[{"embeddable":true,"href":"https:\/\/archive.sana.sy\/tr\/index.php?rest_route=\/wp\/v2\/users\/36"}],"replies":[{"embeddable":true,"href":"https:\/\/archive.sana.sy\/tr\/index.php?rest_route=%2Fwp%2Fv2%2Fcomments&post=245638"}],"version-history":[{"count":0,"href":"https:\/\/archive.sana.sy\/tr\/index.php?rest_route=\/wp\/v2\/posts\/245638\/revisions"}],"wp:featuredmedia":[{"embeddable":true,"href":"https:\/\/archive.sana.sy\/tr\/index.php?rest_route=\/wp\/v2\/media\/245639"}],"wp:attachment":[{"href":"https:\/\/archive.sana.sy\/tr\/index.php?rest_route=%2Fwp%2Fv2%2Fmedia&parent=245638"}],"wp:term":[{"taxonomy":"category","embeddable":true,"href":"https:\/\/archive.sana.sy\/tr\/index.php?rest_route=%2Fwp%2Fv2%2Fcategories&post=245638"},{"taxonomy":"post_tag","embeddable":true,"href":"https:\/\/archive.sana.sy\/tr\/index.php?rest_route=%2Fwp%2Fv2%2Ftags&post=245638"}],"curies":[{"name":"wp","href":"https:\/\/api.w.org\/{rel}","templated":true}]}}