{"id":245649,"date":"2021-11-07T12:12:39","date_gmt":"2021-11-07T10:12:39","guid":{"rendered":"http:\/\/107.6.182.27\/tr\/?p=245649"},"modified":"2021-11-10T08:27:16","modified_gmt":"2021-11-10T06:27:16","slug":"hasekedeki-dsg-milislerinin-kontrolundeki-hapishanede-yeni-bir-isyan-cikti","status":"publish","type":"post","link":"https:\/\/archive.sana.sy\/tr\/?p=245649","title":{"rendered":"Haseke\u2019deki \u201cDSG\u201d Milislerinin Kontrol\u00fcndeki Hapishanede Yeni Bir \u0130syan \u00c7\u0131kt\u0131"},"content":{"rendered":"<p>HASEKE \u2013 Haseke kentinde Amerikan i\u015fgal g\u00fc\u00e7lerinin destekledi\u011fi \u201cDSG\u201d milisleri taraf\u0131ndan kontrol edilen binlerce I\u015e\u0130D\u2019li ter\u00f6risti esir tutlan Sanayi Lisesi\u00a0 Hapishanesi&#8217;nde kaos ve isyan \u00e7\u0131kt\u0131, ard\u0131ndan genel bir ayklanma ve silahl\u0131 \u00e7at\u0131\u015fmalar ya\u015fand\u0131.<\/p>\n<p>Yerel kaynaklar SANA&#8217;ya, ayklanma ve kaos halinin, ABD i\u015fgal helikopterlerinin b\u00f6lge genelinde, \u00f6zellikle hapishane b\u00f6lgesi \u00fczerinde iki saatten fazla u\u00e7u\u015fuyla \u00e7ak\u0131\u015ft\u0131\u011f\u0131n\u0131 ve termal balonlar\u0131 d\u00fc\u015f\u00fcrd\u00fcklerini belirtti.<\/p>\n<p>Kaynaklar, isyan\u0131n, aralar\u0131nda m\u00fcfetti\u015fler ve m\u00fczakere alan\u0131nda uzman ki\u015filerin de bulundu\u011fu bir grup Amerikan i\u015fgal ordusunun cezaevinde esir tutulan bir grup ter\u00f6r \u00f6rg\u00fct\u00fc unsurunu nakletmek \u00fczere cezaevine gelmesinin ard\u0131ndan \u00e7\u0131kt\u0131\u011f\u0131n\u0131 belirtti.<\/p>\n","protected":false},"excerpt":{"rendered":"<p>HASEKE \u2013 Haseke kentinde Amerikan i\u015fgal g\u00fc\u00e7lerinin destekledi\u011fi \u201cDSG\u201d milisleri taraf\u0131ndan kontrol edilen binlerce I\u015e\u0130D\u2019li ter\u00f6risti esir tutlan Sanayi Lisesi\u00a0 Hapishanesi&#8217;nde kaos ve isyan \u00e7\u0131kt\u0131, ard\u0131ndan genel bir ayklanma ve silahl\u0131 \u00e7at\u0131\u015fmalar ya\u015fand\u0131. Yerel kaynaklar SANA&#8217;ya, ayklanma ve kaos halinin, ABD i\u015fgal helikopterlerinin b\u00f6lge genelinde, \u00f6zellikle hapishane b\u00f6lgesi \u00fczerinde iki saatten fazla u\u00e7u\u015fuyla \u00e7ak\u0131\u015ft\u0131\u011f\u0131n\u0131 ve &hellip;<\/p>\n","protected":false},"author":36,"featured_media":245650,"comment_status":"closed","ping_status":"closed","sticky":false,"template":"","format":"standard","meta":{"footnotes":""},"categories":[479,575,17988,478],"tags":[],"class_list":["post-245649","post","type-post","status-publish","format-standard","has-post-thumbnail","","category-haberler-yerel","category-olaylar-ve-gercekler","category-son-haberler","category-yerel"],"_links":{"self":[{"href":"https:\/\/archive.sana.sy\/tr\/index.php?rest_route=\/wp\/v2\/posts\/245649","targetHints":{"allow":["GET"]}}],"collection":[{"href":"https:\/\/archive.sana.sy\/tr\/index.php?rest_route=\/wp\/v2\/posts"}],"about":[{"href":"https:\/\/archive.sana.sy\/tr\/index.php?rest_route=\/wp\/v2\/types\/post"}],"author":[{"embeddable":true,"href":"https:\/\/archive.sana.sy\/tr\/index.php?rest_route=\/wp\/v2\/users\/36"}],"replies":[{"embeddable":true,"href":"https:\/\/archive.sana.sy\/tr\/index.php?rest_route=%2Fwp%2Fv2%2Fcomments&post=245649"}],"version-history":[{"count":0,"href":"https:\/\/archive.sana.sy\/tr\/index.php?rest_route=\/wp\/v2\/posts\/245649\/revisions"}],"wp:featuredmedia":[{"embeddable":true,"href":"https:\/\/archive.sana.sy\/tr\/index.php?rest_route=\/wp\/v2\/media\/245650"}],"wp:attachment":[{"href":"https:\/\/archive.sana.sy\/tr\/index.php?rest_route=%2Fwp%2Fv2%2Fmedia&parent=245649"}],"wp:term":[{"taxonomy":"category","embeddable":true,"href":"https:\/\/archive.sana.sy\/tr\/index.php?rest_route=%2Fwp%2Fv2%2Fcategories&post=245649"},{"taxonomy":"post_tag","embeddable":true,"href":"https:\/\/archive.sana.sy\/tr\/index.php?rest_route=%2Fwp%2Fv2%2Ftags&post=245649"}],"curies":[{"name":"wp","href":"https:\/\/api.w.org\/{rel}","templated":true}]}}