{"id":245652,"date":"2021-11-07T16:32:03","date_gmt":"2021-11-07T14:32:03","guid":{"rendered":"http:\/\/107.6.182.27\/tr\/?p=245652"},"modified":"2021-11-10T08:29:03","modified_gmt":"2021-11-10T06:29:03","slug":"suriye-irak-basbakanini-hedef-alan-teror-saldirisini-siddetle-kinadi","status":"publish","type":"post","link":"https:\/\/archive.sana.sy\/tr\/?p=245652","title":{"rendered":"Suriye, Irak Ba\u015fbakan\u0131&#8217;n\u0131 Hedef Alan Ter\u00f6r Sald\u0131r\u0131s\u0131n\u0131 \u015eiddetle K\u0131nad\u0131"},"content":{"rendered":"<p>\u015eAM &#8211; Suriye, Irak Ba\u015fbakan\u0131&#8217;n\u0131 hedef alan ter\u00f6r sald\u0131r\u0131s\u0131n\u0131 \u015fiddetle k\u0131nayarak ter\u00f6re kar\u015f\u0131 duru\u015funu yineledi.<\/p>\n<p>D\u0131\u015fi\u015fleri ve Gurbet\u00e7iler Bakanl\u0131\u011f\u0131&#8217;ndan resmi bir kaynak SANA&#8217;ya yapt\u0131\u011f\u0131 a\u00e7\u0131klamada, &#8220;Suriye Arap Cumhuriyeti&#8217;nin, Irak Ba\u015fbakan\u0131 Mustafa El-Kaz\u0131mi&#8217;yi hedef alan ter\u00f6r sald\u0131r\u0131s\u0131n\u0131 \u015fiddetle k\u0131nad\u0131\u011f\u0131n\u0131&#8221; s\u00f6yledi.<\/p>\n<p>Kaynak: Suriye ter\u00f6re kar\u015f\u0131 duru\u015funu bir kez belirterek, karde\u015f Irak halk\u0131na bar\u0131\u015f, istikrar ve refah dileklerini dile getirdi.<\/p>\n<p>Bilinece\u011fi \u00fczere bug\u00fcn Irak Ba\u015fbakan\u0131, ikisi g\u00fcvenlik g\u00fc\u00e7leri taraf\u0131ndan etkisiz hale getirilerek d\u00fc\u015f\u00fcr\u00fclen \u00fc\u00e7 insans\u0131z hava arac\u0131yla bir suikast giri\u015fiminden kurtulmu\u015ftu.<\/p>\n","protected":false},"excerpt":{"rendered":"<p>\u015eAM &#8211; Suriye, Irak Ba\u015fbakan\u0131&#8217;n\u0131 hedef alan ter\u00f6r sald\u0131r\u0131s\u0131n\u0131 \u015fiddetle k\u0131nayarak ter\u00f6re kar\u015f\u0131 duru\u015funu yineledi. D\u0131\u015fi\u015fleri ve Gurbet\u00e7iler Bakanl\u0131\u011f\u0131&#8217;ndan resmi bir kaynak SANA&#8217;ya yapt\u0131\u011f\u0131 a\u00e7\u0131klamada, &#8220;Suriye Arap Cumhuriyeti&#8217;nin, Irak Ba\u015fbakan\u0131 Mustafa El-Kaz\u0131mi&#8217;yi hedef alan ter\u00f6r sald\u0131r\u0131s\u0131n\u0131 \u015fiddetle k\u0131nad\u0131\u011f\u0131n\u0131&#8221; s\u00f6yledi. Kaynak: Suriye ter\u00f6re kar\u015f\u0131 duru\u015funu bir kez belirterek, karde\u015f Irak halk\u0131na bar\u0131\u015f, istikrar ve refah dileklerini &hellip;<\/p>\n","protected":false},"author":1,"featured_media":245653,"comment_status":"closed","ping_status":"closed","sticky":false,"template":"","format":"standard","meta":{"footnotes":""},"categories":[479,17988,478],"tags":[],"class_list":["post-245652","post","type-post","status-publish","format-standard","has-post-thumbnail","","category-haberler-yerel","category-son-haberler","category-yerel"],"_links":{"self":[{"href":"https:\/\/archive.sana.sy\/tr\/index.php?rest_route=\/wp\/v2\/posts\/245652","targetHints":{"allow":["GET"]}}],"collection":[{"href":"https:\/\/archive.sana.sy\/tr\/index.php?rest_route=\/wp\/v2\/posts"}],"about":[{"href":"https:\/\/archive.sana.sy\/tr\/index.php?rest_route=\/wp\/v2\/types\/post"}],"author":[{"embeddable":true,"href":"https:\/\/archive.sana.sy\/tr\/index.php?rest_route=\/wp\/v2\/users\/1"}],"replies":[{"embeddable":true,"href":"https:\/\/archive.sana.sy\/tr\/index.php?rest_route=%2Fwp%2Fv2%2Fcomments&post=245652"}],"version-history":[{"count":0,"href":"https:\/\/archive.sana.sy\/tr\/index.php?rest_route=\/wp\/v2\/posts\/245652\/revisions"}],"wp:featuredmedia":[{"embeddable":true,"href":"https:\/\/archive.sana.sy\/tr\/index.php?rest_route=\/wp\/v2\/media\/245653"}],"wp:attachment":[{"href":"https:\/\/archive.sana.sy\/tr\/index.php?rest_route=%2Fwp%2Fv2%2Fmedia&parent=245652"}],"wp:term":[{"taxonomy":"category","embeddable":true,"href":"https:\/\/archive.sana.sy\/tr\/index.php?rest_route=%2Fwp%2Fv2%2Fcategories&post=245652"},{"taxonomy":"post_tag","embeddable":true,"href":"https:\/\/archive.sana.sy\/tr\/index.php?rest_route=%2Fwp%2Fv2%2Ftags&post=245652"}],"curies":[{"name":"wp","href":"https:\/\/api.w.org\/{rel}","templated":true}]}}