{"id":245655,"date":"2021-11-07T16:38:37","date_gmt":"2021-11-07T14:38:37","guid":{"rendered":"http:\/\/107.6.182.27\/tr\/?p=245655"},"modified":"2021-11-10T08:28:08","modified_gmt":"2021-11-10T06:28:08","slug":"homs-kirsali-cuvvaniyat-koyunde-genis-bir-yangin-cikti","status":"publish","type":"post","link":"https:\/\/archive.sana.sy\/tr\/?p=245655","title":{"rendered":"Homs K\u0131rsal\u0131 Cuvvaniyat K\u00f6y\u00fcnde Geni\u015f Bir Yang\u0131n \u00c7\u0131kt\u0131"},"content":{"rendered":"<p>HOMS \u2013 Bug\u00fcn Homs bat\u0131 k\u0131rsal\u0131n\u0131n Cuvvaniyat K\u00f6y\u00fcnde bulunan tar\u0131m topraklar\u0131nda geni\u015f bir alana yay\u0131lan bir yang\u0131n \u00e7\u0131kt\u0131\u00e7<\/p>\n<p>SANA muhabiri, yang\u0131n s\u00f6nd\u00fcrme ekipleri ve ahalinin \u00e7\u0131kan yang\u0131n\u0131 s\u00f6nd\u00fcrmeye \u00e7al\u0131\u015ft\u0131klar\u0131n\u0131 ifade tti.<\/p>\n","protected":false},"excerpt":{"rendered":"<p>HOMS \u2013 Bug\u00fcn Homs bat\u0131 k\u0131rsal\u0131n\u0131n Cuvvaniyat K\u00f6y\u00fcnde bulunan tar\u0131m topraklar\u0131nda geni\u015f bir alana yay\u0131lan bir yang\u0131n \u00e7\u0131kt\u0131\u00e7 SANA muhabiri, yang\u0131n s\u00f6nd\u00fcrme ekipleri ve ahalinin \u00e7\u0131kan yang\u0131n\u0131 s\u00f6nd\u00fcrmeye \u00e7al\u0131\u015ft\u0131klar\u0131n\u0131 ifade tti.<\/p>\n","protected":false},"author":1,"featured_media":245656,"comment_status":"closed","ping_status":"closed","sticky":false,"template":"","format":"standard","meta":{"footnotes":""},"categories":[479,17988,478],"tags":[],"class_list":["post-245655","post","type-post","status-publish","format-standard","has-post-thumbnail","","category-haberler-yerel","category-son-haberler","category-yerel"],"_links":{"self":[{"href":"https:\/\/archive.sana.sy\/tr\/index.php?rest_route=\/wp\/v2\/posts\/245655","targetHints":{"allow":["GET"]}}],"collection":[{"href":"https:\/\/archive.sana.sy\/tr\/index.php?rest_route=\/wp\/v2\/posts"}],"about":[{"href":"https:\/\/archive.sana.sy\/tr\/index.php?rest_route=\/wp\/v2\/types\/post"}],"author":[{"embeddable":true,"href":"https:\/\/archive.sana.sy\/tr\/index.php?rest_route=\/wp\/v2\/users\/1"}],"replies":[{"embeddable":true,"href":"https:\/\/archive.sana.sy\/tr\/index.php?rest_route=%2Fwp%2Fv2%2Fcomments&post=245655"}],"version-history":[{"count":0,"href":"https:\/\/archive.sana.sy\/tr\/index.php?rest_route=\/wp\/v2\/posts\/245655\/revisions"}],"wp:featuredmedia":[{"embeddable":true,"href":"https:\/\/archive.sana.sy\/tr\/index.php?rest_route=\/wp\/v2\/media\/245656"}],"wp:attachment":[{"href":"https:\/\/archive.sana.sy\/tr\/index.php?rest_route=%2Fwp%2Fv2%2Fmedia&parent=245655"}],"wp:term":[{"taxonomy":"category","embeddable":true,"href":"https:\/\/archive.sana.sy\/tr\/index.php?rest_route=%2Fwp%2Fv2%2Fcategories&post=245655"},{"taxonomy":"post_tag","embeddable":true,"href":"https:\/\/archive.sana.sy\/tr\/index.php?rest_route=%2Fwp%2Fv2%2Ftags&post=245655"}],"curies":[{"name":"wp","href":"https:\/\/api.w.org\/{rel}","templated":true}]}}