{"id":245670,"date":"2021-11-08T14:02:29","date_gmt":"2021-11-08T12:02:29","guid":{"rendered":"http:\/\/107.6.182.27\/tr\/?p=245670"},"modified":"2021-11-10T08:37:37","modified_gmt":"2021-11-10T06:37:37","slug":"turk-isgaline-tabi-kiraliklar-afrin-bolgesinde-uc-sivili-kacirdi","status":"publish","type":"post","link":"https:\/\/archive.sana.sy\/tr\/?p=245670","title":{"rendered":"T\u00fcrk \u0130\u015fgaline Tabi Kiral\u0131klar Afrin B\u00f6lgesinde \u00dc\u00e7 Sivili Ka\u00e7\u0131rd\u0131"},"content":{"rendered":"<p style=\"text-align: justify;\">HALEP \u2013 T\u00fcrk i\u015fgaline tabi kiral\u0131k ter\u00f6ristler i\u015fgal ettikleri b\u00f6lge halk\u0131na kar\u015f\u0131 su\u00e7lu uygulamalar\u0131na devam ederek Afrin b\u00f6lgesinde bask\u0131n ve ka\u00e7\u0131rma eylemleri ger\u00e7ekle\u015ftirdi.<\/p>\n<p style=\"text-align: justify;\">Yerel kaynaklar SANA muhabirine, T\u00fcrk i\u015fgaline ba\u011fl\u0131 kiral\u0131k ter\u00f6r gruplar\u0131ndan s\u00f6zde \u201cMuhammet el Fateh\u201d ve \u201cAskeri Polis\u201d gruplar\u0131na mensup te\u00f6ristlerin i\u015fgal ettikleri b\u00f6lgelerindeki ahalilere kar\u015f\u0131 sistematik olarak devam ettikleri su\u00e7lu uygulamalr\u0131 \u00e7er\u00e7evesinde Afrin b\u00f6lgesindeki Rajo nahiyesine tabi Mamal O\u015fa\u011fi k\u00f6y\u00fcnde bask\u0131nlar d\u00fczenlediklerini belirtti.<\/p>\n<p style=\"text-align: justify;\">Kaynaklar, T\u00fcrk i\u015fgaline ba\u011fl\u0131 kiral\u0131k ter\u00f6ristlerin bask\u0131n s\u0131ras\u0131nda canl\u0131 ate\u015f a\u00e7t\u0131klar\u0131n\u0131 ve ard\u0131ndan \u00fc\u00e7 sivili ka\u00e7\u0131r\u0131p Rajo Nahiyesindeki bir karargahlar\u0131na getirdiklerini s\u00f6zlerine ekledi.<\/p>\n","protected":false},"excerpt":{"rendered":"<p>HALEP \u2013 T\u00fcrk i\u015fgaline tabi kiral\u0131k ter\u00f6ristler i\u015fgal ettikleri b\u00f6lge halk\u0131na kar\u015f\u0131 su\u00e7lu uygulamalar\u0131na devam ederek Afrin b\u00f6lgesinde bask\u0131n ve ka\u00e7\u0131rma eylemleri ger\u00e7ekle\u015ftirdi. Yerel kaynaklar SANA muhabirine, T\u00fcrk i\u015fgaline ba\u011fl\u0131 kiral\u0131k ter\u00f6r gruplar\u0131ndan s\u00f6zde \u201cMuhammet el Fateh\u201d ve \u201cAskeri Polis\u201d gruplar\u0131na mensup te\u00f6ristlerin i\u015fgal ettikleri b\u00f6lgelerindeki ahalilere kar\u015f\u0131 sistematik olarak devam ettikleri su\u00e7lu uygulamalr\u0131 \u00e7er\u00e7evesinde &hellip;<\/p>\n","protected":false},"author":1,"featured_media":0,"comment_status":"closed","ping_status":"closed","sticky":false,"template":"","format":"standard","meta":{"footnotes":""},"categories":[479,575,17988,2554,2555,478],"tags":[],"class_list":["post-245670","post","type-post","status-publish","format-standard","","category-haberler-yerel","category-olaylar-ve-gercekler","category-son-haberler","category-suriye-ve-dunya","category-suriye-ve-turkiye","category-yerel"],"_links":{"self":[{"href":"https:\/\/archive.sana.sy\/tr\/index.php?rest_route=\/wp\/v2\/posts\/245670","targetHints":{"allow":["GET"]}}],"collection":[{"href":"https:\/\/archive.sana.sy\/tr\/index.php?rest_route=\/wp\/v2\/posts"}],"about":[{"href":"https:\/\/archive.sana.sy\/tr\/index.php?rest_route=\/wp\/v2\/types\/post"}],"author":[{"embeddable":true,"href":"https:\/\/archive.sana.sy\/tr\/index.php?rest_route=\/wp\/v2\/users\/1"}],"replies":[{"embeddable":true,"href":"https:\/\/archive.sana.sy\/tr\/index.php?rest_route=%2Fwp%2Fv2%2Fcomments&post=245670"}],"version-history":[{"count":0,"href":"https:\/\/archive.sana.sy\/tr\/index.php?rest_route=\/wp\/v2\/posts\/245670\/revisions"}],"wp:attachment":[{"href":"https:\/\/archive.sana.sy\/tr\/index.php?rest_route=%2Fwp%2Fv2%2Fmedia&parent=245670"}],"wp:term":[{"taxonomy":"category","embeddable":true,"href":"https:\/\/archive.sana.sy\/tr\/index.php?rest_route=%2Fwp%2Fv2%2Fcategories&post=245670"},{"taxonomy":"post_tag","embeddable":true,"href":"https:\/\/archive.sana.sy\/tr\/index.php?rest_route=%2Fwp%2Fv2%2Ftags&post=245670"}],"curies":[{"name":"wp","href":"https:\/\/api.w.org\/{rel}","templated":true}]}}