{"id":245673,"date":"2021-11-08T14:16:22","date_gmt":"2021-11-08T12:16:22","guid":{"rendered":"http:\/\/107.6.182.27\/tr\/?p=245673"},"modified":"2021-11-10T08:30:54","modified_gmt":"2021-11-10T06:30:54","slug":"sam-hastanesinde-15-gunde-17-kara-mantar-vakasi","status":"publish","type":"post","link":"https:\/\/archive.sana.sy\/tr\/?p=245673","title":{"rendered":"\u015eam Hastanesi&#8217;nde 15 G\u00fcnde 17 \u201cKara Mantar\u201d Vakas\u0131"},"content":{"rendered":"<p style=\"text-align: justify;\">\u015eAM \u2013 \u015eam Hastanesi Genel M\u00fcd\u00fcrl\u00fc\u011f\u00fc bak\u0131m dairesi ba\u015fkan\u0131 Samer Omar Yahyavi SANA&#8217;ya yapt\u0131\u011f\u0131 a\u00e7\u0131klamada, hastanenin yak\u0131n zamanda siyah mantar hastalar\u0131 i\u00e7in belirledi\u011fi b\u00f6l\u00fcme 17 vaka geldi\u011fini ve iyile\u015fmenin erken te\u015fhis ve tedavi ile ba\u011flant\u0131l\u0131 oldu\u011funu belirtti.<\/p>\n<p style=\"text-align: justify;\">Dr.Yahyavi, b\u00f6l\u00fcm\u00fcn ihtiya\u00e7 durumunda geni\u015fletilebilen yakla\u015f\u0131k 20 yatak kapasitesine sahip oldu\u011funu ve 15 g\u00fcn i\u00e7inde tamam\u0131 ba\u011f\u0131\u015f\u0131kl\u0131\u011f\u0131 bask\u0131lanm\u0131\u015f, kontrols\u00fcz diyabetli ve koronal\u0131 17 vaka ald\u0131\u011f\u0131n\u0131 duyurdu. Yahyavi, enfeksiyonun yay\u0131lmas\u0131n\u0131 \u00f6nlemek i\u00e7in onlara \u00f6zel yerler ay\u0131r\u0131ld\u0131\u011f\u0131n\u0131 s\u00f6zlerine ekledi.<\/p>\n<p style=\"text-align: justify;\">Yahyavi, hastalar\u0131n y\u00fczde 50&#8217;den fazlas\u0131n\u0131n mezun oldu\u011funa, \u00f6l\u00fcm oranlar\u0131n\u0131n y\u00fczde 20&#8217;yi ge\u00e7medi\u011fine dikkat \u00e7ekerek, enfeksiyonun erken te\u015fhis ve tedavisinin iyile\u015fmeye b\u00fcy\u00fck katk\u0131 sa\u011flad\u0131\u011f\u0131n\u0131 belirtti.<\/p>\n<p style=\"text-align: justify;\">Yahyavi, hastal\u0131\u011f\u0131n semptomlar\u0131yla ilgili olarak, belirgin semptomlar\u0131n olmamas\u0131ndan bahsetmi\u015ftir, ancak \u00e7o\u011fu zaman ba\u015f ve y\u00fczde a\u011f\u0131rl\u0131k ve sin\u00fcslerde \u015fiddetli a\u011fr\u0131 ile kendini g\u00f6sterir. Doktor, te\u015fhisin aksiyal tomografi gerektirdi\u011fine i\u015faret etti.<\/p>\n<p style=\"text-align: justify;\">P.M.<\/p>\n","protected":false},"excerpt":{"rendered":"<p>\u015eAM \u2013 \u015eam Hastanesi Genel M\u00fcd\u00fcrl\u00fc\u011f\u00fc bak\u0131m dairesi ba\u015fkan\u0131 Samer Omar Yahyavi SANA&#8217;ya yapt\u0131\u011f\u0131 a\u00e7\u0131klamada, hastanenin yak\u0131n zamanda siyah mantar hastalar\u0131 i\u00e7in belirledi\u011fi b\u00f6l\u00fcme 17 vaka geldi\u011fini ve iyile\u015fmenin erken te\u015fhis ve tedavi ile ba\u011flant\u0131l\u0131 oldu\u011funu belirtti. Dr.Yahyavi, b\u00f6l\u00fcm\u00fcn ihtiya\u00e7 durumunda geni\u015fletilebilen yakla\u015f\u0131k 20 yatak kapasitesine sahip oldu\u011funu ve 15 g\u00fcn i\u00e7inde tamam\u0131 ba\u011f\u0131\u015f\u0131kl\u0131\u011f\u0131 bask\u0131lanm\u0131\u015f, &hellip;<\/p>\n","protected":false},"author":1,"featured_media":0,"comment_status":"closed","ping_status":"closed","sticky":false,"template":"","format":"standard","meta":{"footnotes":""},"categories":[479,17988,478],"tags":[],"class_list":["post-245673","post","type-post","status-publish","format-standard","","category-haberler-yerel","category-son-haberler","category-yerel"],"_links":{"self":[{"href":"https:\/\/archive.sana.sy\/tr\/index.php?rest_route=\/wp\/v2\/posts\/245673","targetHints":{"allow":["GET"]}}],"collection":[{"href":"https:\/\/archive.sana.sy\/tr\/index.php?rest_route=\/wp\/v2\/posts"}],"about":[{"href":"https:\/\/archive.sana.sy\/tr\/index.php?rest_route=\/wp\/v2\/types\/post"}],"author":[{"embeddable":true,"href":"https:\/\/archive.sana.sy\/tr\/index.php?rest_route=\/wp\/v2\/users\/1"}],"replies":[{"embeddable":true,"href":"https:\/\/archive.sana.sy\/tr\/index.php?rest_route=%2Fwp%2Fv2%2Fcomments&post=245673"}],"version-history":[{"count":0,"href":"https:\/\/archive.sana.sy\/tr\/index.php?rest_route=\/wp\/v2\/posts\/245673\/revisions"}],"wp:attachment":[{"href":"https:\/\/archive.sana.sy\/tr\/index.php?rest_route=%2Fwp%2Fv2%2Fmedia&parent=245673"}],"wp:term":[{"taxonomy":"category","embeddable":true,"href":"https:\/\/archive.sana.sy\/tr\/index.php?rest_route=%2Fwp%2Fv2%2Fcategories&post=245673"},{"taxonomy":"post_tag","embeddable":true,"href":"https:\/\/archive.sana.sy\/tr\/index.php?rest_route=%2Fwp%2Fv2%2Ftags&post=245673"}],"curies":[{"name":"wp","href":"https:\/\/api.w.org\/{rel}","templated":true}]}}