{"id":245676,"date":"2021-11-08T14:22:39","date_gmt":"2021-11-08T12:22:39","guid":{"rendered":"http:\/\/107.6.182.27\/tr\/?p=245676"},"modified":"2021-11-10T08:31:32","modified_gmt":"2021-11-10T06:31:32","slug":"homs-kirsalinin-batisindaki-masta-azar-beldesinde-yangin","status":"publish","type":"post","link":"https:\/\/archive.sana.sy\/tr\/?p=245676","title":{"rendered":"Homs K\u0131rsal\u0131n\u0131n Bat\u0131s\u0131ndaki Ma\u015fta Azar Beldesinde Yang\u0131n S\u00f6nd\u00fcr\u00fcld\u00fc"},"content":{"rendered":"<p>HOMS \u2013 Homs k\u0131rsal\u0131n\u0131n bat\u0131s\u0131nda yer alan Vadi el Nadara b\u00f6lgesindeki Ma\u015fta Azar Beldesinin arazilerinde bug\u00fcn yang\u0131n \u00e7\u0131kt\u0131.<\/p>\n<p>SANA\u2019n\u0131n Homs muhabiri, sivil savunma ve itfaiye ekiplerinin h\u0131z\u0131l\u0131ca olay yerine ula\u015ft\u0131klar\u0131n\u0131 ve yang\u0131n\u0131 kontrol alt\u0131na alma ve s\u00f6nd\u00fcrme \u00e7al\u0131lmalar\u0131na ba\u015flad\u0131klar\u0131n\u0131 belirtti. Muhab\u0130r, yang\u0131n\u0131n \u00e7\u0131kt\u0131\u011f\u0131 alan\u0131n 90 d\u00f6n\u00fcm\u00fc tar\u0131m, geri kalan\u0131 orman olmak \u00fczere 100 d\u00f6n\u00fcm olarak tahmin edildi\u011fine dikkat \u00e7ekerken, saatler sonra yang\u0131n\u0131n kontrol alt\u0131na al\u0131nd\u0131\u011f\u0131n\u0131 ve so\u011futma \u00e7al\u0131\u015fmalar\u0131n\u0131n s\u00fcrd\u00fcr\u00fcld\u00fc\u011f\u00fcn\u00fc s\u00f6zlerine ekledi.<\/p>\n<p>P.M.<\/p>\n\n","protected":false},"excerpt":{"rendered":"<p>HOMS \u2013 Homs k\u0131rsal\u0131n\u0131n bat\u0131s\u0131nda yer alan Vadi el Nadara b\u00f6lgesindeki Ma\u015fta Azar Beldesinin arazilerinde bug\u00fcn yang\u0131n \u00e7\u0131kt\u0131. SANA\u2019n\u0131n Homs muhabiri, sivil savunma ve itfaiye ekiplerinin h\u0131z\u0131l\u0131ca olay yerine ula\u015ft\u0131klar\u0131n\u0131 ve yang\u0131n\u0131 kontrol alt\u0131na alma ve s\u00f6nd\u00fcrme \u00e7al\u0131lmalar\u0131na ba\u015flad\u0131klar\u0131n\u0131 belirtti. Muhab\u0130r, yang\u0131n\u0131n \u00e7\u0131kt\u0131\u011f\u0131 alan\u0131n 90 d\u00f6n\u00fcm\u00fc tar\u0131m, geri kalan\u0131 orman olmak \u00fczere 100 d\u00f6n\u00fcm olarak &hellip;<\/p>\n","protected":false},"author":1,"featured_media":0,"comment_status":"closed","ping_status":"closed","sticky":false,"template":"","format":"standard","meta":{"footnotes":""},"categories":[596,479,17988,478],"tags":[],"class_list":["post-245676","post","type-post","status-publish","format-standard","","category-fotografli-raporlar","category-haberler-yerel","category-son-haberler","category-yerel"],"_links":{"self":[{"href":"https:\/\/archive.sana.sy\/tr\/index.php?rest_route=\/wp\/v2\/posts\/245676","targetHints":{"allow":["GET"]}}],"collection":[{"href":"https:\/\/archive.sana.sy\/tr\/index.php?rest_route=\/wp\/v2\/posts"}],"about":[{"href":"https:\/\/archive.sana.sy\/tr\/index.php?rest_route=\/wp\/v2\/types\/post"}],"author":[{"embeddable":true,"href":"https:\/\/archive.sana.sy\/tr\/index.php?rest_route=\/wp\/v2\/users\/1"}],"replies":[{"embeddable":true,"href":"https:\/\/archive.sana.sy\/tr\/index.php?rest_route=%2Fwp%2Fv2%2Fcomments&post=245676"}],"version-history":[{"count":0,"href":"https:\/\/archive.sana.sy\/tr\/index.php?rest_route=\/wp\/v2\/posts\/245676\/revisions"}],"wp:attachment":[{"href":"https:\/\/archive.sana.sy\/tr\/index.php?rest_route=%2Fwp%2Fv2%2Fmedia&parent=245676"}],"wp:term":[{"taxonomy":"category","embeddable":true,"href":"https:\/\/archive.sana.sy\/tr\/index.php?rest_route=%2Fwp%2Fv2%2Fcategories&post=245676"},{"taxonomy":"post_tag","embeddable":true,"href":"https:\/\/archive.sana.sy\/tr\/index.php?rest_route=%2Fwp%2Fv2%2Ftags&post=245676"}],"curies":[{"name":"wp","href":"https:\/\/api.w.org\/{rel}","templated":true}]}}