{"id":245682,"date":"2021-11-08T16:11:16","date_gmt":"2021-11-08T14:11:16","guid":{"rendered":"http:\/\/107.6.182.27\/tr\/?p=245682"},"modified":"2021-11-11T08:42:13","modified_gmt":"2021-11-11T06:42:13","slug":"halep-kirsalindaki-fanin-beldesinde-turk-isgali-ve-kiralik-cetelerine-karsi-protesto-gosterisi","status":"publish","type":"post","link":"https:\/\/archive.sana.sy\/tr\/?p=245682","title":{"rendered":"Halep K\u0131rsal\u0131ndaki Fanin Beldesinde T\u00fcrk \u0130\u015fgali ve Kiral\u0131k \u00c7etelerine Kar\u015f\u0131 Protesto G\u00f6sterisi"},"content":{"rendered":"<p style=\"text-align: justify;\">HALEP \u2013 Halep k\u0131rsal\u0131nda bulunan Fafin Beldesinde bug\u00fcn T\u00fcrk i\u015fgalini ve ona tabi kiral\u0131k ter\u00f6ristlerinin uygulamalar\u0131n\u0131 k\u0131nayan ve reddeden protesto g\u00f6sterisi d\u00fczenlendi.<\/p>\n<p style=\"text-align: justify;\">G\u00f6steriye kat\u0131lan ahaliler, T\u00fcrk i\u015fgalini, ona ba\u011fl\u0131 ter\u00f6r \u00f6rg\u00fctlerini ve vatanda\u015flara kar\u015f\u0131 tekrarlanan su\u00e7lar\u0131n\u0131 k\u0131nayan pankartlar ve ulusal bayraklar ta\u015f\u0131d\u0131. G\u00f6stericiler, Suriye topraklar\u0131n\u0131 T\u00fcrk i\u015fgalciden ve onun kiral\u0131klar\u0131ndan m\u00fcmk\u00fcn olan her \u015fekilde temizlemeye \u00e7a\u011f\u0131rd\u0131.<\/p>\n<p style=\"text-align: justify;\">G\u00f6steriye \u00e7ok say\u0131da kat\u0131l\u0131mc\u0131 SANA muhabirine yapt\u0131klar\u0131 a\u00e7\u0131klamada,T\u00fcrk i\u015fgaline ve ter\u00f6r \u00f6rg\u00fctlerine kar\u015f\u0131 direnme ve Suriye topraklar\u0131n\u0131n birli\u011fini ve egemenli\u011fini koruma gere\u011fini vurgulad\u0131.<\/p>\n<p style=\"text-align: justify;\">Fafin kasabas\u0131 ve \u00e7evre k\u00f6ylerden gelen n\u00f6bete kat\u0131lanlar, Suriye Arap Ordusuna desteklerini ve yan\u0131nda olduklar\u0131n\u0131 yenilediler.<\/p>\n<p style=\"text-align: justify;\">P.M.<\/p>\n\n","protected":false},"excerpt":{"rendered":"<p>HALEP \u2013 Halep k\u0131rsal\u0131nda bulunan Fafin Beldesinde bug\u00fcn T\u00fcrk i\u015fgalini ve ona tabi kiral\u0131k ter\u00f6ristlerinin uygulamalar\u0131n\u0131 k\u0131nayan ve reddeden protesto g\u00f6sterisi d\u00fczenlendi. G\u00f6steriye kat\u0131lan ahaliler, T\u00fcrk i\u015fgalini, ona ba\u011fl\u0131 ter\u00f6r \u00f6rg\u00fctlerini ve vatanda\u015flara kar\u015f\u0131 tekrarlanan su\u00e7lar\u0131n\u0131 k\u0131nayan pankartlar ve ulusal bayraklar ta\u015f\u0131d\u0131. G\u00f6stericiler, Suriye topraklar\u0131n\u0131 T\u00fcrk i\u015fgalciden ve onun kiral\u0131klar\u0131ndan m\u00fcmk\u00fcn olan her \u015fekilde temizlemeye &hellip;<\/p>\n","protected":false},"author":1,"featured_media":0,"comment_status":"closed","ping_status":"closed","sticky":false,"template":"","format":"standard","meta":{"footnotes":""},"categories":[596,479,17988,478],"tags":[],"class_list":["post-245682","post","type-post","status-publish","format-standard","","category-fotografli-raporlar","category-haberler-yerel","category-son-haberler","category-yerel"],"_links":{"self":[{"href":"https:\/\/archive.sana.sy\/tr\/index.php?rest_route=\/wp\/v2\/posts\/245682","targetHints":{"allow":["GET"]}}],"collection":[{"href":"https:\/\/archive.sana.sy\/tr\/index.php?rest_route=\/wp\/v2\/posts"}],"about":[{"href":"https:\/\/archive.sana.sy\/tr\/index.php?rest_route=\/wp\/v2\/types\/post"}],"author":[{"embeddable":true,"href":"https:\/\/archive.sana.sy\/tr\/index.php?rest_route=\/wp\/v2\/users\/1"}],"replies":[{"embeddable":true,"href":"https:\/\/archive.sana.sy\/tr\/index.php?rest_route=%2Fwp%2Fv2%2Fcomments&post=245682"}],"version-history":[{"count":0,"href":"https:\/\/archive.sana.sy\/tr\/index.php?rest_route=\/wp\/v2\/posts\/245682\/revisions"}],"wp:attachment":[{"href":"https:\/\/archive.sana.sy\/tr\/index.php?rest_route=%2Fwp%2Fv2%2Fmedia&parent=245682"}],"wp:term":[{"taxonomy":"category","embeddable":true,"href":"https:\/\/archive.sana.sy\/tr\/index.php?rest_route=%2Fwp%2Fv2%2Fcategories&post=245682"},{"taxonomy":"post_tag","embeddable":true,"href":"https:\/\/archive.sana.sy\/tr\/index.php?rest_route=%2Fwp%2Fv2%2Ftags&post=245682"}],"curies":[{"name":"wp","href":"https:\/\/api.w.org\/{rel}","templated":true}]}}