{"id":245845,"date":"2021-11-11T12:33:30","date_gmt":"2021-11-11T10:33:30","guid":{"rendered":"http:\/\/107.6.182.27\/tr\/?p=245845"},"modified":"2021-11-12T08:56:02","modified_gmt":"2021-11-12T06:56:02","slug":"zahreddin-dubai-ve-baenin-kuzey-emirliklerindeki-suriye-baskonsolosu-olarak-guven-mektubunu-teslim-etti","status":"publish","type":"post","link":"https:\/\/archive.sana.sy\/tr\/?p=245845","title":{"rendered":"Zahreddin, Dubai ve BAE&#8217;nin Kuzey Emirlikleri&#8217;ndeki Suriye Ba\u015fkonsolosu Olarak G\u00fcven Mektubunu Teslim Etti"},"content":{"rendered":"<p>DUBA\u0130 \u2013 Bakan Dan\u0131\u015fman\u0131 Kinan Zahreddin, Suriye Arap Cumhuriyeti&#8217;nin Dubai Emirli\u011fi ve Birle\u015fik Arap Emirlikleri&#8217;nin Kuzey Emirlikleri&#8217;ndeki Ba\u015fkonsolosu olarak g\u00fcven mektubunu teslim etti.<\/p>\n<p>Dubai D\u0131\u015fi\u015fleri ve Uluslararas\u0131 \u0130\u015fbirli\u011fi Bakanl\u0131\u011f\u0131 Ofisi Direkt\u00f6r Yard\u0131mc\u0131s\u0131 \u015eeyh Ra\u015fid El Kasir, Konsolos Kinan Zahreddin ile yapt\u0131\u011f\u0131 g\u00f6r\u00fc\u015fmede, iki karde\u015f \u00fclke aras\u0131ndaki ikili ili\u015fkilere \u00f6vg\u00fcde bulunarak g\u00f6revlerinde ba\u015far\u0131lar diledi.<\/p>\n<p>Buna kar\u015f\u0131l\u0131k Zahreddin, iki karde\u015f \u00fclke aras\u0131ndaki ikili ili\u015fkilerin g\u00fcc\u00fcn\u00fc vurgulad\u0131.<\/p>\n<p>Toplant\u0131da, Birle\u015fik Arap Emirlikleri&#8217;nde ikamet eden Suriye Arap toplumunun \u00e7\u0131karlar\u0131n\u0131 ve i\u015flerini kolayla\u015ft\u0131rmak i\u00e7in ileti\u015fim ve i\u015fbirli\u011finin s\u00fcrd\u00fcr\u00fclmesi kararla\u015ft\u0131r\u0131ld\u0131.<\/p>\n<p>Toplant\u0131ya Ziyaret \u0130\u015fleri Departman\u0131 Direkt\u00f6r\u00fc, Dubai Ofisi Konsolosluk \u0130\u015fleri Departman\u0131 Direkt\u00f6r\u00fc ve ata\u015feler Sara Salime ve Bu\u015fra Muhammed kat\u0131ld\u0131.<\/p>\n","protected":false},"excerpt":{"rendered":"<p>DUBA\u0130 \u2013 Bakan Dan\u0131\u015fman\u0131 Kinan Zahreddin, Suriye Arap Cumhuriyeti&#8217;nin Dubai Emirli\u011fi ve Birle\u015fik Arap Emirlikleri&#8217;nin Kuzey Emirlikleri&#8217;ndeki Ba\u015fkonsolosu olarak g\u00fcven mektubunu teslim etti. Dubai D\u0131\u015fi\u015fleri ve Uluslararas\u0131 \u0130\u015fbirli\u011fi Bakanl\u0131\u011f\u0131 Ofisi Direkt\u00f6r Yard\u0131mc\u0131s\u0131 \u015eeyh Ra\u015fid El Kasir, Konsolos Kinan Zahreddin ile yapt\u0131\u011f\u0131 g\u00f6r\u00fc\u015fmede, iki karde\u015f \u00fclke aras\u0131ndaki ikili ili\u015fkilere \u00f6vg\u00fcde bulunarak g\u00f6revlerinde ba\u015far\u0131lar diledi. Buna kar\u015f\u0131l\u0131k &hellip;<\/p>\n","protected":false},"author":36,"featured_media":245846,"comment_status":"closed","ping_status":"closed","sticky":false,"template":"","format":"standard","meta":{"footnotes":""},"categories":[458,459,17988],"tags":[],"class_list":["post-245845","post","type-post","status-publish","format-standard","has-post-thumbnail","","category-dunya1","category-haberler-arap-uluslararasi-politika","category-son-haberler"],"_links":{"self":[{"href":"https:\/\/archive.sana.sy\/tr\/index.php?rest_route=\/wp\/v2\/posts\/245845","targetHints":{"allow":["GET"]}}],"collection":[{"href":"https:\/\/archive.sana.sy\/tr\/index.php?rest_route=\/wp\/v2\/posts"}],"about":[{"href":"https:\/\/archive.sana.sy\/tr\/index.php?rest_route=\/wp\/v2\/types\/post"}],"author":[{"embeddable":true,"href":"https:\/\/archive.sana.sy\/tr\/index.php?rest_route=\/wp\/v2\/users\/36"}],"replies":[{"embeddable":true,"href":"https:\/\/archive.sana.sy\/tr\/index.php?rest_route=%2Fwp%2Fv2%2Fcomments&post=245845"}],"version-history":[{"count":0,"href":"https:\/\/archive.sana.sy\/tr\/index.php?rest_route=\/wp\/v2\/posts\/245845\/revisions"}],"wp:featuredmedia":[{"embeddable":true,"href":"https:\/\/archive.sana.sy\/tr\/index.php?rest_route=\/wp\/v2\/media\/245846"}],"wp:attachment":[{"href":"https:\/\/archive.sana.sy\/tr\/index.php?rest_route=%2Fwp%2Fv2%2Fmedia&parent=245845"}],"wp:term":[{"taxonomy":"category","embeddable":true,"href":"https:\/\/archive.sana.sy\/tr\/index.php?rest_route=%2Fwp%2Fv2%2Fcategories&post=245845"},{"taxonomy":"post_tag","embeddable":true,"href":"https:\/\/archive.sana.sy\/tr\/index.php?rest_route=%2Fwp%2Fv2%2Ftags&post=245845"}],"curies":[{"name":"wp","href":"https:\/\/api.w.org\/{rel}","templated":true}]}}