{"id":245869,"date":"2021-11-11T20:09:14","date_gmt":"2021-11-11T18:09:14","guid":{"rendered":"http:\/\/107.6.182.27\/tr\/?p=245869"},"modified":"2021-11-12T12:41:48","modified_gmt":"2021-11-12T10:41:48","slug":"idari-kalkinma-bakani-sanaya-merkezi-rekabet-yaklasik-100-000-is-firsati-saglamaya-yakin","status":"publish","type":"post","link":"https:\/\/archive.sana.sy\/tr\/?p=245869","title":{"rendered":"\u0130dari Kalk\u0131nma Bakan\u0131 SANA&#8217;ya: Merkezi Rekabet Yakla\u015f\u0131k 100.000 \u0130\u015f F\u0131rsat\u0131 Sa\u011flamaya Yak\u0131n"},"content":{"rendered":"<p style=\"text-align: justify;\">\u015eAM \u2013 \u0130dari Kalk\u0131nma Bakan\u0131 Salam Safaf, SANA&#8217;ya, \u00e7e\u015fitli illerdekii kamu kurumlar\u0131nda 100.000 i\u015f f\u0131rsat\u0131 sa\u011flayacak merkezi bir rekabetin yak\u0131nda duyurulaca\u011f\u0131n\u0131 a\u00e7\u0131klad\u0131.<\/p>\n<p style=\"text-align: justify;\">Bakan Safaf, bakanl\u0131\u011f\u0131n bir sonraki oturumunda Bakanlar Kurulu Ba\u015fkanl\u0131\u011f\u0131&#8217;na sunulduktan k\u0131sa bir s\u00fcre sonra a\u00e7\u0131klanacak olan merkezi yar\u0131\u015fma projesinin karar haz\u0131rl\u0131klar\u0131n\u0131n bug\u00fcn tamamland\u0131\u011f\u0131n\u0131 belirtti.<\/p>\n<p style=\"text-align: justify;\">\u0130dari Kalk\u0131nma Bakan\u0131&#8217;na g\u00f6re, yar\u0131\u015fma, daha \u00f6nce dikkate al\u0131nmam\u0131\u015f olan Y\u00fcksek E\u011fitim ve Bilimsel Ara\u015ft\u0131rma Bakanl\u0131\u011f\u0131 taraf\u0131ndan \u00f6nerilen yeni sertifikalar ve uzmanl\u0131klar da dahil olmak \u00fczere \u00e7e\u015fitli sertifika t\u00fcrlerini ve e\u011fitim kazan\u0131mlar\u0131n\u0131 dikkate al\u0131yor.<\/p>\n<p style=\"text-align: justify;\">Devlette \u00e7al\u0131\u015fmayan ve yar\u0131\u015fmaya ba\u015fvurmak isteyen zorunlu ve yedek askerlik hizmetinden terhis edilenlere gelince, Bakan Safaf, s\u0131nava girdikten sonra her ba\u015fvurana her y\u0131l i\u00e7in ek bir derece verilece\u011fini belirtti.<\/p>\n<p style=\"text-align: justify;\">\u0130dari Kalk\u0131nma Bakan\u0131, a\u00e7\u0131k pozisyonlar\u0131 doldurmak i\u00e7in ba\u015far\u0131l\u0131 adaylar\u0131n se\u00e7iminin s\u0131navlar\u0131n nihai sonu\u00e7lar\u0131na g\u00f6re yap\u0131ld\u0131\u011f\u0131n\u0131, e\u015fit sonu\u00e7lar olmas\u0131 durumunda \u00fcniversitedeki en y\u00fcksek oran\u0131n, ard\u0131ndan en eski mezununun ve en ya\u015fl\u0131n\u0131n se\u00e7ilece\u011fini s\u00f6zlerine ekledi.<\/p>\n<p style=\"text-align: justify;\">P.M.<\/p>\n","protected":false},"excerpt":{"rendered":"<p>\u015eAM \u2013 \u0130dari Kalk\u0131nma Bakan\u0131 Salam Safaf, SANA&#8217;ya, \u00e7e\u015fitli illerdekii kamu kurumlar\u0131nda 100.000 i\u015f f\u0131rsat\u0131 sa\u011flayacak merkezi bir rekabetin yak\u0131nda duyurulaca\u011f\u0131n\u0131 a\u00e7\u0131klad\u0131. Bakan Safaf, bakanl\u0131\u011f\u0131n bir sonraki oturumunda Bakanlar Kurulu Ba\u015fkanl\u0131\u011f\u0131&#8217;na sunulduktan k\u0131sa bir s\u00fcre sonra a\u00e7\u0131klanacak olan merkezi yar\u0131\u015fma projesinin karar haz\u0131rl\u0131klar\u0131n\u0131n bug\u00fcn tamamland\u0131\u011f\u0131n\u0131 belirtti. \u0130dari Kalk\u0131nma Bakan\u0131&#8217;na g\u00f6re, yar\u0131\u015fma, daha \u00f6nce dikkate al\u0131nmam\u0131\u015f &hellip;<\/p>\n","protected":false},"author":1,"featured_media":245870,"comment_status":"closed","ping_status":"closed","sticky":false,"template":"","format":"standard","meta":{"footnotes":""},"categories":[479,17988,478],"tags":[],"class_list":["post-245869","post","type-post","status-publish","format-standard","has-post-thumbnail","","category-haberler-yerel","category-son-haberler","category-yerel"],"_links":{"self":[{"href":"https:\/\/archive.sana.sy\/tr\/index.php?rest_route=\/wp\/v2\/posts\/245869","targetHints":{"allow":["GET"]}}],"collection":[{"href":"https:\/\/archive.sana.sy\/tr\/index.php?rest_route=\/wp\/v2\/posts"}],"about":[{"href":"https:\/\/archive.sana.sy\/tr\/index.php?rest_route=\/wp\/v2\/types\/post"}],"author":[{"embeddable":true,"href":"https:\/\/archive.sana.sy\/tr\/index.php?rest_route=\/wp\/v2\/users\/1"}],"replies":[{"embeddable":true,"href":"https:\/\/archive.sana.sy\/tr\/index.php?rest_route=%2Fwp%2Fv2%2Fcomments&post=245869"}],"version-history":[{"count":0,"href":"https:\/\/archive.sana.sy\/tr\/index.php?rest_route=\/wp\/v2\/posts\/245869\/revisions"}],"wp:featuredmedia":[{"embeddable":true,"href":"https:\/\/archive.sana.sy\/tr\/index.php?rest_route=\/wp\/v2\/media\/245870"}],"wp:attachment":[{"href":"https:\/\/archive.sana.sy\/tr\/index.php?rest_route=%2Fwp%2Fv2%2Fmedia&parent=245869"}],"wp:term":[{"taxonomy":"category","embeddable":true,"href":"https:\/\/archive.sana.sy\/tr\/index.php?rest_route=%2Fwp%2Fv2%2Fcategories&post=245869"},{"taxonomy":"post_tag","embeddable":true,"href":"https:\/\/archive.sana.sy\/tr\/index.php?rest_route=%2Fwp%2Fv2%2Ftags&post=245869"}],"curies":[{"name":"wp","href":"https:\/\/api.w.org\/{rel}","templated":true}]}}