{"id":245940,"date":"2021-11-13T13:18:52","date_gmt":"2021-11-13T11:18:52","guid":{"rendered":"http:\/\/107.6.182.27\/tr\/?p=245940"},"modified":"2021-11-17T08:20:21","modified_gmt":"2021-11-17T06:20:21","slug":"dsg-milisleri-deyrezzor-kirsalindan-4-sivili-kacirdi-2","status":"publish","type":"post","link":"https:\/\/archive.sana.sy\/tr\/?p=245940","title":{"rendered":"DSG Milisleri Deyrezzor K\u0131rsal\u0131ndan 4 Sivili Ka\u00e7\u0131rd\u0131"},"content":{"rendered":"<p>DEYREZZOR \u2013 Amerikan i\u015fgal g\u00fc\u00e7leri taraf\u0131ndan desteklenen \u201cDSG\u201d milisleri, Deyrezzor\u2019daki El Basiyra k\u00f6y\u00fcne bask\u0131n d\u00fczenleyip 4 sivili ka\u00e7\u0131rd\u0131.<\/p>\n<p>Yerel kaynaklar SANA Muhabirine yapt\u0131\u011f\u0131 a\u00e7\u0131klamada, \u201cDSG\u201d milisleri\u2019ne ba\u011fl\u0131 silahl\u0131 ki\u015filerin Deyrezzor k\u0131rsal\u0131n\u0131n do\u011fusunda yer alan El Basiyra k\u00f6y\u00fcn\u00fc ko\u015fatt\u0131\u011f\u0131n\u0131 ve birka\u00e7 eve bask\u0131n d\u00fczenledi\u011fini belirtirken, birka\u00e7 genci ka\u00e7\u0131rd\u0131\u011f\u0131na i\u015faret etti.<\/p>\n<p>Kaynaklar, milislerin, ka\u00e7\u0131rd\u0131klar\u0131 gen\u00e7lerin kelep\u00e7eli olarak b\u00f6lgedeki karargahlar\u0131na g\u00f6t\u00fcrd\u00fc\u011f\u00fcne dikkat \u00e7ekti.<\/p>\n","protected":false},"excerpt":{"rendered":"<p>DEYREZZOR \u2013 Amerikan i\u015fgal g\u00fc\u00e7leri taraf\u0131ndan desteklenen \u201cDSG\u201d milisleri, Deyrezzor\u2019daki El Basiyra k\u00f6y\u00fcne bask\u0131n d\u00fczenleyip 4 sivili ka\u00e7\u0131rd\u0131. Yerel kaynaklar SANA Muhabirine yapt\u0131\u011f\u0131 a\u00e7\u0131klamada, \u201cDSG\u201d milisleri\u2019ne ba\u011fl\u0131 silahl\u0131 ki\u015filerin Deyrezzor k\u0131rsal\u0131n\u0131n do\u011fusunda yer alan El Basiyra k\u00f6y\u00fcn\u00fc ko\u015fatt\u0131\u011f\u0131n\u0131 ve birka\u00e7 eve bask\u0131n d\u00fczenledi\u011fini belirtirken, birka\u00e7 genci ka\u00e7\u0131rd\u0131\u011f\u0131na i\u015faret etti. Kaynaklar, milislerin, ka\u00e7\u0131rd\u0131klar\u0131 gen\u00e7lerin kelep\u00e7eli olarak &hellip;<\/p>\n","protected":false},"author":36,"featured_media":245941,"comment_status":"closed","ping_status":"closed","sticky":false,"template":"","format":"standard","meta":{"footnotes":""},"categories":[479,575,17988,478],"tags":[],"class_list":["post-245940","post","type-post","status-publish","format-standard","has-post-thumbnail","","category-haberler-yerel","category-olaylar-ve-gercekler","category-son-haberler","category-yerel"],"_links":{"self":[{"href":"https:\/\/archive.sana.sy\/tr\/index.php?rest_route=\/wp\/v2\/posts\/245940","targetHints":{"allow":["GET"]}}],"collection":[{"href":"https:\/\/archive.sana.sy\/tr\/index.php?rest_route=\/wp\/v2\/posts"}],"about":[{"href":"https:\/\/archive.sana.sy\/tr\/index.php?rest_route=\/wp\/v2\/types\/post"}],"author":[{"embeddable":true,"href":"https:\/\/archive.sana.sy\/tr\/index.php?rest_route=\/wp\/v2\/users\/36"}],"replies":[{"embeddable":true,"href":"https:\/\/archive.sana.sy\/tr\/index.php?rest_route=%2Fwp%2Fv2%2Fcomments&post=245940"}],"version-history":[{"count":0,"href":"https:\/\/archive.sana.sy\/tr\/index.php?rest_route=\/wp\/v2\/posts\/245940\/revisions"}],"wp:featuredmedia":[{"embeddable":true,"href":"https:\/\/archive.sana.sy\/tr\/index.php?rest_route=\/wp\/v2\/media\/245941"}],"wp:attachment":[{"href":"https:\/\/archive.sana.sy\/tr\/index.php?rest_route=%2Fwp%2Fv2%2Fmedia&parent=245940"}],"wp:term":[{"taxonomy":"category","embeddable":true,"href":"https:\/\/archive.sana.sy\/tr\/index.php?rest_route=%2Fwp%2Fv2%2Fcategories&post=245940"},{"taxonomy":"post_tag","embeddable":true,"href":"https:\/\/archive.sana.sy\/tr\/index.php?rest_route=%2Fwp%2Fv2%2Ftags&post=245940"}],"curies":[{"name":"wp","href":"https:\/\/api.w.org\/{rel}","templated":true}]}}