{"id":245943,"date":"2021-11-13T21:05:03","date_gmt":"2021-11-13T19:05:03","guid":{"rendered":"http:\/\/107.6.182.27\/tr\/?p=245943"},"modified":"2021-11-14T12:17:16","modified_gmt":"2021-11-14T10:17:16","slug":"cumhurbaskani-el-esadin-himayesinde-orta-ve-temel-egitim-sertifikalarinda-ordun-sehitler-kayip-ve-gazilerinin-seckin-ogullari-onurlandirildi","status":"publish","type":"post","link":"https:\/\/archive.sana.sy\/tr\/?p=245943","title":{"rendered":"Cumhurba\u015fkan\u0131 el Esad&#8217;\u0131n Himayesinde.. Orta ve Temel E\u011fitim Sertifikalar\u0131nda Ordun, \u015eehitler, Kay\u0131p ve Gazilerinin Se\u00e7kin O\u011fullari Onurland\u0131r\u0131ld\u0131"},"content":{"rendered":"<p style=\"text-align: justify;\">\u015eAM \u2013 Ordu ve Silahl\u0131 Kuvvetler Ba\u015fkomutan\u0131 Cumhurba\u015fkan\u0131 Korgeneral Be\u015f\u015far el Esad&#8217;\u0131n himayesinde, bug\u00fcn \u00e7ok say\u0131da ilde, asker ve emekli asker ve gazlilerin \u00e7ocuklar\u0131ndan 2021 e\u011fitim \u00f6\u011fretim y\u0131ll\u0131nda se\u00e7kinleri onurland\u0131r\u0131ld\u0131.<\/p>\n<p style=\"text-align: justify;\">Ordu ve Silahl\u0131 Kuvvetler Genel Komutanl\u0131\u011f\u0131&#8217;n\u0131n \u00e7ok say\u0131da \u00fcst d\u00fczey subay\u0131, valiler, valiliklerdeki parti \u015fubelerinin katipleri, e\u011fitim m\u00fcd\u00fcrleri, gazi dernekleri ve \u015fehitlik m\u00fcd\u00fcrl\u00fckleri ba\u015fkanlar\u0131 ile se\u00e7kin \u00f6\u011frencilerin aileleri, kutlamalara kat\u0131ld\u0131.<\/p>\n<p style=\"text-align: justify;\">Bu konu\u015fmalarda g\u00fc\u00e7l\u00fclerden ba\u015fkas\u0131na yer olmad\u0131\u011f\u0131, dolay\u0131s\u0131yla bilimin ve bilginin temel ta\u015f\u0131na sahip olunmas\u0131 ve bilimsel ara\u015ft\u0131rmalar\u0131n bulgular\u0131na ayak uydurulmas\u0131 gerekti\u011fi bir d\u00f6nemde ya\u015fad\u0131\u011f\u0131m\u0131z\u0131 teyit eden konu\u015fmalar yap\u0131ld\u0131.<\/p>\n<p style=\"text-align: justify;\">S\u00f6zler, tarihin ba\u015flang\u0131c\u0131ndan bu yana g\u00fcne\u015fi t\u00fcm milletlerin \u00fczerine parlayan, medeniyeti ve miras\u0131yla medeni d\u00fcnya halklar\u0131na yol g\u00f6sterici bir fener te\u015fkil eden bir milletin \u015fan, h\u00fcrriyet ve zafere l\u00e2y\u0131k bir millet oldu\u011funun alt\u0131n\u0131 \u00e7izdi.<\/p>\n<p style=\"text-align: justify;\">Sonu\u00e7 olarak, ba\u015far\u0131 ve m\u00fckemmellik yolunda ilerlemeye kararl\u0131 olduklar\u0131n\u0131 ve kendilerine her zaman iyi niyetle ba\u011fl\u0131 olduklar\u0131n\u0131, \u015fan ve kahramanl\u0131k dolu bir Suriye&#8217;nin in\u015fas\u0131na katk\u0131da bulunmaya kararl\u0131 olduklar\u0131n\u0131 teyit eden se\u00e7kin \u00f6\u011frencilere te\u015fekk\u00fcr belgeleri ve sembolik hediyeler verildi. .<\/p>\n<p style=\"text-align: justify;\">P.M.<\/p>\n","protected":false},"excerpt":{"rendered":"<p>\u015eAM \u2013 Ordu ve Silahl\u0131 Kuvvetler Ba\u015fkomutan\u0131 Cumhurba\u015fkan\u0131 Korgeneral Be\u015f\u015far el Esad&#8217;\u0131n himayesinde, bug\u00fcn \u00e7ok say\u0131da ilde, asker ve emekli asker ve gazlilerin \u00e7ocuklar\u0131ndan 2021 e\u011fitim \u00f6\u011fretim y\u0131ll\u0131nda se\u00e7kinleri onurland\u0131r\u0131ld\u0131. Ordu ve Silahl\u0131 Kuvvetler Genel Komutanl\u0131\u011f\u0131&#8217;n\u0131n \u00e7ok say\u0131da \u00fcst d\u00fczey subay\u0131, valiler, valiliklerdeki parti \u015fubelerinin katipleri, e\u011fitim m\u00fcd\u00fcrleri, gazi dernekleri ve \u015fehitlik m\u00fcd\u00fcrl\u00fckleri ba\u015fkanlar\u0131 ile &hellip;<\/p>\n","protected":false},"author":1,"featured_media":245944,"comment_status":"closed","ping_status":"closed","sticky":false,"template":"","format":"standard","meta":{"footnotes":""},"categories":[479,516,511,17988,478],"tags":[],"class_list":["post-245943","post","type-post","status-publish","format-standard","has-post-thumbnail","","category-haberler-yerel","category-haberler-kultur-ve-sanat","category-kultur-ve-sanat","category-son-haberler","category-yerel"],"_links":{"self":[{"href":"https:\/\/archive.sana.sy\/tr\/index.php?rest_route=\/wp\/v2\/posts\/245943","targetHints":{"allow":["GET"]}}],"collection":[{"href":"https:\/\/archive.sana.sy\/tr\/index.php?rest_route=\/wp\/v2\/posts"}],"about":[{"href":"https:\/\/archive.sana.sy\/tr\/index.php?rest_route=\/wp\/v2\/types\/post"}],"author":[{"embeddable":true,"href":"https:\/\/archive.sana.sy\/tr\/index.php?rest_route=\/wp\/v2\/users\/1"}],"replies":[{"embeddable":true,"href":"https:\/\/archive.sana.sy\/tr\/index.php?rest_route=%2Fwp%2Fv2%2Fcomments&post=245943"}],"version-history":[{"count":0,"href":"https:\/\/archive.sana.sy\/tr\/index.php?rest_route=\/wp\/v2\/posts\/245943\/revisions"}],"wp:featuredmedia":[{"embeddable":true,"href":"https:\/\/archive.sana.sy\/tr\/index.php?rest_route=\/wp\/v2\/media\/245944"}],"wp:attachment":[{"href":"https:\/\/archive.sana.sy\/tr\/index.php?rest_route=%2Fwp%2Fv2%2Fmedia&parent=245943"}],"wp:term":[{"taxonomy":"category","embeddable":true,"href":"https:\/\/archive.sana.sy\/tr\/index.php?rest_route=%2Fwp%2Fv2%2Fcategories&post=245943"},{"taxonomy":"post_tag","embeddable":true,"href":"https:\/\/archive.sana.sy\/tr\/index.php?rest_route=%2Fwp%2Fv2%2Ftags&post=245943"}],"curies":[{"name":"wp","href":"https:\/\/api.w.org\/{rel}","templated":true}]}}