{"id":245952,"date":"2021-11-14T09:03:04","date_gmt":"2021-11-14T07:03:04","guid":{"rendered":"http:\/\/107.6.182.27\/tr\/?p=245952"},"modified":"2021-11-17T08:20:52","modified_gmt":"2021-11-17T06:20:52","slug":"expo-2020-dubai-suriye-ulusal-gununu-kutluyor","status":"publish","type":"post","link":"https:\/\/archive.sana.sy\/tr\/?p=245952","title":{"rendered":"Expo 2020 Dubai, Suriye Ulusal G\u00fcn\u00fc&#8217;n\u00fc kutluyor.."},"content":{"rendered":"<p>DUBA\u0130 \u2013 Expo Dubai 2020, fuara kat\u0131lan \u00fclkelerin ulusal g\u00fcnlerinden biri olarak Suriye Ulusal G\u00fcn\u00fc&#8217;n\u00fc kutluyor.<\/p>\n<p>Ekonomi ve D\u0131\u015f Ticaret Bakan\u0131 Muhammed Samer El Halil t\u00f6rende yapt\u0131\u011f\u0131 a\u00e7\u0131klamada: &#8220;Suriye&#8217;de mevcut t\u00fcm kapasite ve enerjilere yat\u0131r\u0131m yapmak ve bunlar\u0131 ekonomimizin geli\u015fmesine y\u00f6nlendirmek istiyoruz&#8221; dedi.<\/p>\n<div id='gallery-1' class='gallery galleryid-245952 gallery-columns-1 gallery-size-full'><figure class='gallery-item'>\n\t\t\t<div class='gallery-icon landscape'>\n\t\t\t\t<a href='https:\/\/archive.sana.sy\/tr\/wp-content\/uploads\/2021\/11\/1-13.jpg'><img loading=\"lazy\" decoding=\"async\" width=\"660\" height=\"399\" src=\"https:\/\/archive.sana.sy\/tr\/wp-content\/uploads\/2021\/11\/1-13.jpg\" class=\"attachment-full size-full\" alt=\"\" srcset=\"https:\/\/archive.sana.sy\/tr\/wp-content\/uploads\/2021\/11\/1-13.jpg 660w, https:\/\/archive.sana.sy\/tr\/wp-content\/uploads\/2021\/11\/1-13-300x181.jpg 300w, https:\/\/archive.sana.sy\/tr\/wp-content\/uploads\/2021\/11\/1-13-150x91.jpg 150w\" sizes=\"auto, (max-width: 660px) 100vw, 660px\" \/><\/a>\n\t\t\t<\/div><\/figure>\n\t\t<\/div>\n\n","protected":false},"excerpt":{"rendered":"<p>DUBA\u0130 \u2013 Expo Dubai 2020, fuara kat\u0131lan \u00fclkelerin ulusal g\u00fcnlerinden biri olarak Suriye Ulusal G\u00fcn\u00fc&#8217;n\u00fc kutluyor. Ekonomi ve D\u0131\u015f Ticaret Bakan\u0131 Muhammed Samer El Halil t\u00f6rende yapt\u0131\u011f\u0131 a\u00e7\u0131klamada: &#8220;Suriye&#8217;de mevcut t\u00fcm kapasite ve enerjilere yat\u0131r\u0131m yapmak ve bunlar\u0131 ekonomimizin geli\u015fmesine y\u00f6nlendirmek istiyoruz&#8221; dedi.<\/p>\n","protected":false},"author":36,"featured_media":245957,"comment_status":"closed","ping_status":"closed","sticky":false,"template":"","format":"standard","meta":{"footnotes":""},"categories":[458,459,17988],"tags":[],"class_list":["post-245952","post","type-post","status-publish","format-standard","has-post-thumbnail","","category-dunya1","category-haberler-arap-uluslararasi-politika","category-son-haberler"],"_links":{"self":[{"href":"https:\/\/archive.sana.sy\/tr\/index.php?rest_route=\/wp\/v2\/posts\/245952","targetHints":{"allow":["GET"]}}],"collection":[{"href":"https:\/\/archive.sana.sy\/tr\/index.php?rest_route=\/wp\/v2\/posts"}],"about":[{"href":"https:\/\/archive.sana.sy\/tr\/index.php?rest_route=\/wp\/v2\/types\/post"}],"author":[{"embeddable":true,"href":"https:\/\/archive.sana.sy\/tr\/index.php?rest_route=\/wp\/v2\/users\/36"}],"replies":[{"embeddable":true,"href":"https:\/\/archive.sana.sy\/tr\/index.php?rest_route=%2Fwp%2Fv2%2Fcomments&post=245952"}],"version-history":[{"count":0,"href":"https:\/\/archive.sana.sy\/tr\/index.php?rest_route=\/wp\/v2\/posts\/245952\/revisions"}],"wp:featuredmedia":[{"embeddable":true,"href":"https:\/\/archive.sana.sy\/tr\/index.php?rest_route=\/wp\/v2\/media\/245957"}],"wp:attachment":[{"href":"https:\/\/archive.sana.sy\/tr\/index.php?rest_route=%2Fwp%2Fv2%2Fmedia&parent=245952"}],"wp:term":[{"taxonomy":"category","embeddable":true,"href":"https:\/\/archive.sana.sy\/tr\/index.php?rest_route=%2Fwp%2Fv2%2Fcategories&post=245952"},{"taxonomy":"post_tag","embeddable":true,"href":"https:\/\/archive.sana.sy\/tr\/index.php?rest_route=%2Fwp%2Fv2%2Ftags&post=245952"}],"curies":[{"name":"wp","href":"https:\/\/api.w.org\/{rel}","templated":true}]}}