{"id":245958,"date":"2021-11-14T10:36:49","date_gmt":"2021-11-14T08:36:49","guid":{"rendered":"http:\/\/107.6.182.27\/tr\/?p=245958"},"modified":"2021-11-17T08:20:56","modified_gmt":"2021-11-17T06:20:56","slug":"rus-savunmasi-nusra-cephesi-teroristleri-idlibdeki-gerginligi-azaltma-bolgesinde-10-saldiri-gerceklestirdi","status":"publish","type":"post","link":"https:\/\/archive.sana.sy\/tr\/?p=245958","title":{"rendered":"Rus Savunmas\u0131: \u201cNusra Cephesi\u201d Ter\u00f6ristleri \u0130dlib\u2019deki Gerginli\u011fi Azaltma B\u00f6lgesinde 10 Sald\u0131r\u0131 Ger\u00e7ekle\u015ftirdi"},"content":{"rendered":"<p>MOSKOVA \u2013 Rusya Savunma Bakanl\u0131\u011f\u0131, \u0130dlib\u2019teki gerginli\u011fi azaltma b\u00f6lgesinde konu\u015flanan ter\u00f6r \u00f6rg\u00fctlerinin son 24 saat i\u00e7inde 10 sald\u0131r\u0131 ger\u00e7ekle\u015ftirdi\u011fini belirtti.<\/p>\n<p>Rusya Koordinasyon Merkezi Ba\u015fkan Yard\u0131mc\u0131s\u0131 Tu\u011famiral Vadim Kulet yapt\u0131\u011f\u0131 a\u00e7\u0131klamanda, \u201cNusra Cephesi\u201d \u00f6rg\u00fct\u00fcne ba\u011fl\u0131 ter\u00f6r \u00f6rg\u00fctlerinin konu\u015fland\u0131\u011f\u0131 b\u00f6lgelerden, Halep ilinde 5, \u0130dlib\u2019te 4 ve Lazkiye\u2019de 1 sald\u0131r\u0131 olmak \u00fczere 10 sald\u0131r\u0131 d\u00fczenlendi\u011fini belirtti.<\/p>\n","protected":false},"excerpt":{"rendered":"<p>MOSKOVA \u2013 Rusya Savunma Bakanl\u0131\u011f\u0131, \u0130dlib\u2019teki gerginli\u011fi azaltma b\u00f6lgesinde konu\u015flanan ter\u00f6r \u00f6rg\u00fctlerinin son 24 saat i\u00e7inde 10 sald\u0131r\u0131 ger\u00e7ekle\u015ftirdi\u011fini belirtti. Rusya Koordinasyon Merkezi Ba\u015fkan Yard\u0131mc\u0131s\u0131 Tu\u011famiral Vadim Kulet yapt\u0131\u011f\u0131 a\u00e7\u0131klamanda, \u201cNusra Cephesi\u201d \u00f6rg\u00fct\u00fcne ba\u011fl\u0131 ter\u00f6r \u00f6rg\u00fctlerinin konu\u015fland\u0131\u011f\u0131 b\u00f6lgelerden, Halep ilinde 5, \u0130dlib\u2019te 4 ve Lazkiye\u2019de 1 sald\u0131r\u0131 olmak \u00fczere 10 sald\u0131r\u0131 d\u00fczenlendi\u011fini belirtti.<\/p>\n","protected":false},"author":36,"featured_media":245959,"comment_status":"closed","ping_status":"closed","sticky":false,"template":"","format":"standard","meta":{"footnotes":""},"categories":[458,459,17988],"tags":[],"class_list":["post-245958","post","type-post","status-publish","format-standard","has-post-thumbnail","","category-dunya1","category-haberler-arap-uluslararasi-politika","category-son-haberler"],"_links":{"self":[{"href":"https:\/\/archive.sana.sy\/tr\/index.php?rest_route=\/wp\/v2\/posts\/245958","targetHints":{"allow":["GET"]}}],"collection":[{"href":"https:\/\/archive.sana.sy\/tr\/index.php?rest_route=\/wp\/v2\/posts"}],"about":[{"href":"https:\/\/archive.sana.sy\/tr\/index.php?rest_route=\/wp\/v2\/types\/post"}],"author":[{"embeddable":true,"href":"https:\/\/archive.sana.sy\/tr\/index.php?rest_route=\/wp\/v2\/users\/36"}],"replies":[{"embeddable":true,"href":"https:\/\/archive.sana.sy\/tr\/index.php?rest_route=%2Fwp%2Fv2%2Fcomments&post=245958"}],"version-history":[{"count":0,"href":"https:\/\/archive.sana.sy\/tr\/index.php?rest_route=\/wp\/v2\/posts\/245958\/revisions"}],"wp:featuredmedia":[{"embeddable":true,"href":"https:\/\/archive.sana.sy\/tr\/index.php?rest_route=\/wp\/v2\/media\/245959"}],"wp:attachment":[{"href":"https:\/\/archive.sana.sy\/tr\/index.php?rest_route=%2Fwp%2Fv2%2Fmedia&parent=245958"}],"wp:term":[{"taxonomy":"category","embeddable":true,"href":"https:\/\/archive.sana.sy\/tr\/index.php?rest_route=%2Fwp%2Fv2%2Fcategories&post=245958"},{"taxonomy":"post_tag","embeddable":true,"href":"https:\/\/archive.sana.sy\/tr\/index.php?rest_route=%2Fwp%2Fv2%2Ftags&post=245958"}],"curies":[{"name":"wp","href":"https:\/\/api.w.org\/{rel}","templated":true}]}}