{"id":246013,"date":"2021-11-15T19:52:58","date_gmt":"2021-11-15T17:52:58","guid":{"rendered":"http:\/\/107.6.182.27\/tr\/?p=246013"},"modified":"2021-11-17T08:26:41","modified_gmt":"2021-11-17T06:26:41","slug":"kamislidaki-tel-ahmadin-halki-ordunun-destegiyle-amerikan-isgaline-ait-konvoya-karsi-cikti","status":"publish","type":"post","link":"https:\/\/archive.sana.sy\/tr\/?p=246013","title":{"rendered":"Kam\u0131\u015fl\u0131\u2019daki Tel Ahmad\u2019\u0131n Halk\u0131 Ordunun Deste\u011fiyle Amerikan \u0130\u015fgaline Ait Konvoya Kar\u015f\u0131 \u00c7\u0131kt\u0131"},"content":{"rendered":"<p style=\"text-align: justify;\">\u015eAM \u2013 Kam\u0131\u015fl\u0131 k\u0131rsal\u0131ndaki Tel Ahmed k\u00f6y\u00fc ahalisi, Suriye Arap Ordusu&#8217;na ba\u011fl\u0131 bir birli\u011fin deste\u011fiyle, k\u00f6y\u00fcn yak\u0131n\u0131ndan ge\u00e7meye \u00e7al\u0131\u015fan Amerikan i\u015fgal kuvvetlerine ait askeri ara\u00e7 konvoyunu \u00f6n\u00fcn\u00fc keserek geri \u00e7ekilmeye zorlad\u0131.<\/p>\n<p style=\"text-align: justify;\">SANA\u2019n\u0131n Kam\u0131\u015fl\u0131 muhabiri, yerel kaynaklardan ald\u0131\u011f\u0131 bilgelere g\u00f6re Tel Ahmed k\u00f6y\u00fc halk\u0131n\u0131n, Amerikan i\u015fgal g\u00fc\u00e7lerine ait z\u0131rhl\u0131 ara\u00e7 ve buldozerden olu\u015fan bir konvoyu durdurarak, \u00fczerine ta\u015f atarak k\u00f6y\u00fcn yak\u0131n\u0131ndaki otoyoldan ge\u00e7mesini engelleyerek geri \u00e7ekilmeye ve geldi\u011fi yere geri d\u00f6nmeye zorlad\u0131klar\u0131n\u0131 belirtti.<\/p>\n<p style=\"text-align: justify;\">Kaynaklar, Suriye Arap Ordusuna ait bir birli\u011fin ayn\u0131 i\u015fgal konvoyunu engelleme ve onu geri \u00e7ekilmeye ve b\u00f6lgeden uzakla\u015fmaya zorlayan k\u00f6y ahalisine h\u0131zl\u0131ca deste\u011fe ula\u015ft\u0131\u011f\u0131n\u0131 s\u00f6zlerine ekledi.<\/p>\n<p style=\"text-align: justify;\">P.M.<\/p>\n","protected":false},"excerpt":{"rendered":"<p>\u015eAM \u2013 Kam\u0131\u015fl\u0131 k\u0131rsal\u0131ndaki Tel Ahmed k\u00f6y\u00fc ahalisi, Suriye Arap Ordusu&#8217;na ba\u011fl\u0131 bir birli\u011fin deste\u011fiyle, k\u00f6y\u00fcn yak\u0131n\u0131ndan ge\u00e7meye \u00e7al\u0131\u015fan Amerikan i\u015fgal kuvvetlerine ait askeri ara\u00e7 konvoyunu \u00f6n\u00fcn\u00fc keserek geri \u00e7ekilmeye zorlad\u0131. SANA\u2019n\u0131n Kam\u0131\u015fl\u0131 muhabiri, yerel kaynaklardan ald\u0131\u011f\u0131 bilgelere g\u00f6re Tel Ahmed k\u00f6y\u00fc halk\u0131n\u0131n, Amerikan i\u015fgal g\u00fc\u00e7lerine ait z\u0131rhl\u0131 ara\u00e7 ve buldozerden olu\u015fan bir konvoyu durdurarak, &hellip;<\/p>\n","protected":false},"author":1,"featured_media":246014,"comment_status":"closed","ping_status":"closed","sticky":false,"template":"","format":"standard","meta":{"footnotes":""},"categories":[479,575,17988,478],"tags":[],"class_list":["post-246013","post","type-post","status-publish","format-standard","has-post-thumbnail","","category-haberler-yerel","category-olaylar-ve-gercekler","category-son-haberler","category-yerel"],"_links":{"self":[{"href":"https:\/\/archive.sana.sy\/tr\/index.php?rest_route=\/wp\/v2\/posts\/246013","targetHints":{"allow":["GET"]}}],"collection":[{"href":"https:\/\/archive.sana.sy\/tr\/index.php?rest_route=\/wp\/v2\/posts"}],"about":[{"href":"https:\/\/archive.sana.sy\/tr\/index.php?rest_route=\/wp\/v2\/types\/post"}],"author":[{"embeddable":true,"href":"https:\/\/archive.sana.sy\/tr\/index.php?rest_route=\/wp\/v2\/users\/1"}],"replies":[{"embeddable":true,"href":"https:\/\/archive.sana.sy\/tr\/index.php?rest_route=%2Fwp%2Fv2%2Fcomments&post=246013"}],"version-history":[{"count":0,"href":"https:\/\/archive.sana.sy\/tr\/index.php?rest_route=\/wp\/v2\/posts\/246013\/revisions"}],"wp:featuredmedia":[{"embeddable":true,"href":"https:\/\/archive.sana.sy\/tr\/index.php?rest_route=\/wp\/v2\/media\/246014"}],"wp:attachment":[{"href":"https:\/\/archive.sana.sy\/tr\/index.php?rest_route=%2Fwp%2Fv2%2Fmedia&parent=246013"}],"wp:term":[{"taxonomy":"category","embeddable":true,"href":"https:\/\/archive.sana.sy\/tr\/index.php?rest_route=%2Fwp%2Fv2%2Fcategories&post=246013"},{"taxonomy":"post_tag","embeddable":true,"href":"https:\/\/archive.sana.sy\/tr\/index.php?rest_route=%2Fwp%2Fv2%2Ftags&post=246013"}],"curies":[{"name":"wp","href":"https:\/\/api.w.org\/{rel}","templated":true}]}}