{"id":246053,"date":"2021-11-17T08:38:53","date_gmt":"2021-11-17T06:38:53","guid":{"rendered":"http:\/\/107.6.182.27\/tr\/?p=246053"},"modified":"2021-11-18T08:27:10","modified_gmt":"2021-11-18T06:27:10","slug":"hava-savunmamiz-israil-saldirisina-karsi-koydu","status":"publish","type":"post","link":"https:\/\/archive.sana.sy\/tr\/?p=246053","title":{"rendered":"Hava Savunmam\u0131z, \u0130srail Sald\u0131r\u0131s\u0131na Kar\u015f\u0131 Koydu"},"content":{"rendered":"<p>\u015eAM \u2013 \u0130srail i\u015fgal g\u00fc\u00e7leri, \u015eam&#8217;\u0131n g\u00fcneyinde bo\u015f bir binay\u0131 hedef alan f\u00fcze sald\u0131r\u0131s\u0131nda herhangi bir kay\u0131p vermedi.<\/p>\n<p>Askeri bir kaynak, bu sabah 12:45 sular\u0131nda d\u00fc\u015fman \u0130srail i\u015fgali alt\u0131ndaki Golan y\u00f6n\u00fcnden \u015eam k\u0131rsal\u0131ndaki bo\u015f bir binay\u0131 hedef alan f\u00fcze sald\u0131r\u0131s\u0131n\u0131 d\u00fczenledi\u011fini belirtirken, hava savunma sistemlerimizin bu f\u00fczelere kar\u015f\u0131 koydu\u011funu ve \u00e7o\u011funu d\u00fc\u015f\u00fcrd\u00fc\u011f\u00fcne i\u015faret etti.<\/p>\n<p>&nbsp;<\/p>\n","protected":false},"excerpt":{"rendered":"<p>\u015eAM \u2013 \u0130srail i\u015fgal g\u00fc\u00e7leri, \u015eam&#8217;\u0131n g\u00fcneyinde bo\u015f bir binay\u0131 hedef alan f\u00fcze sald\u0131r\u0131s\u0131nda herhangi bir kay\u0131p vermedi. Askeri bir kaynak, bu sabah 12:45 sular\u0131nda d\u00fc\u015fman \u0130srail i\u015fgali alt\u0131ndaki Golan y\u00f6n\u00fcnden \u015eam k\u0131rsal\u0131ndaki bo\u015f bir binay\u0131 hedef alan f\u00fcze sald\u0131r\u0131s\u0131n\u0131 d\u00fczenledi\u011fini belirtirken, hava savunma sistemlerimizin bu f\u00fczelere kar\u015f\u0131 koydu\u011funu ve \u00e7o\u011funu d\u00fc\u015f\u00fcrd\u00fc\u011f\u00fcne i\u015faret etti. &nbsp;<\/p>\n","protected":false},"author":36,"featured_media":246054,"comment_status":"closed","ping_status":"closed","sticky":false,"template":"","format":"standard","meta":{"footnotes":""},"categories":[479,575,17988,478],"tags":[],"class_list":["post-246053","post","type-post","status-publish","format-standard","has-post-thumbnail","","category-haberler-yerel","category-olaylar-ve-gercekler","category-son-haberler","category-yerel"],"_links":{"self":[{"href":"https:\/\/archive.sana.sy\/tr\/index.php?rest_route=\/wp\/v2\/posts\/246053","targetHints":{"allow":["GET"]}}],"collection":[{"href":"https:\/\/archive.sana.sy\/tr\/index.php?rest_route=\/wp\/v2\/posts"}],"about":[{"href":"https:\/\/archive.sana.sy\/tr\/index.php?rest_route=\/wp\/v2\/types\/post"}],"author":[{"embeddable":true,"href":"https:\/\/archive.sana.sy\/tr\/index.php?rest_route=\/wp\/v2\/users\/36"}],"replies":[{"embeddable":true,"href":"https:\/\/archive.sana.sy\/tr\/index.php?rest_route=%2Fwp%2Fv2%2Fcomments&post=246053"}],"version-history":[{"count":0,"href":"https:\/\/archive.sana.sy\/tr\/index.php?rest_route=\/wp\/v2\/posts\/246053\/revisions"}],"wp:featuredmedia":[{"embeddable":true,"href":"https:\/\/archive.sana.sy\/tr\/index.php?rest_route=\/wp\/v2\/media\/246054"}],"wp:attachment":[{"href":"https:\/\/archive.sana.sy\/tr\/index.php?rest_route=%2Fwp%2Fv2%2Fmedia&parent=246053"}],"wp:term":[{"taxonomy":"category","embeddable":true,"href":"https:\/\/archive.sana.sy\/tr\/index.php?rest_route=%2Fwp%2Fv2%2Fcategories&post=246053"},{"taxonomy":"post_tag","embeddable":true,"href":"https:\/\/archive.sana.sy\/tr\/index.php?rest_route=%2Fwp%2Fv2%2Ftags&post=246053"}],"curies":[{"name":"wp","href":"https:\/\/api.w.org\/{rel}","templated":true}]}}