{"id":246107,"date":"2021-11-17T09:09:33","date_gmt":"2021-11-17T07:09:33","guid":{"rendered":"http:\/\/107.6.182.27\/tr\/?p=246107"},"modified":"2021-11-18T08:27:14","modified_gmt":"2021-11-18T06:27:14","slug":"sanayi-ve-yatirim-alaninda-suriye-irak-gorusmeleri","status":"publish","type":"post","link":"https:\/\/archive.sana.sy\/tr\/?p=246107","title":{"rendered":"Sanayi ve Yat\u0131r\u0131m Alan\u0131nda Suriye-Irak G\u00f6r\u00fc\u015fmeleri"},"content":{"rendered":"<p>BA\u011eDAT \u2013 Suriye&#8217;nin Irak B\u00fcy\u00fckel\u00e7isi Sattam Cedan El Dandah ve Irak Sanayi Federasyonu Ba\u015fkan\u0131 Adel Akab, iki \u00fclke aras\u0131nda sanayi ve yat\u0131r\u0131m alanlar\u0131nda ikili ili\u015fkilerin geli\u015ftirilmesinin yollar\u0131n\u0131 g\u00f6r\u00fc\u015ft\u00fc.<\/p>\n<p>Irak Sanayi Federasyonu&#8217;nun Ba\u011fdat&#8217;taki merkezindeki g\u00f6r\u00fc\u015fmede iki taraf, iki \u00fclke aras\u0131ndaki \u00e7e\u015fitli d\u00fczeylerde ikili i\u015fbirli\u011finin b\u00fcy\u00fcme h\u0131z\u0131n\u0131n tan\u0131k oldu\u011fu b\u00fcy\u00fck geli\u015fmeye dikkat \u00e7ekerek, iki karde\u015f \u00fclkenin ili\u015fkileri daha \u00fcst seviyelere ta\u015f\u0131ma arzusunu teyit ettiler.<\/p>\n<p>B\u00fcy\u00fckel\u00e7i El Dandah Ba\u011fdat SANA muhabirine yapt\u0131\u011f\u0131 a\u00e7\u0131klamada, &#8220;Toplant\u0131da yeni Suriye yat\u0131r\u0131m yasas\u0131 tart\u0131\u015f\u0131ld\u0131 ve iki \u00fclkede maddi ve bilimsel kaynaklar\u0131n yat\u0131r\u0131m\u0131n\u0131 ve ekonomik kapasitelerini art\u0131racak \u015fekilde end\u00fcstriyel yat\u0131r\u0131m projeleri olu\u015fturman\u0131n yollar\u0131 ele al\u0131nd\u0131&#8221; dedi.<\/p>\n<p>El Dandah, iki taraf\u0131n ekonomik i\u015fbirli\u011fini geli\u015ftirme ve tamamlay\u0131c\u0131 end\u00fcstriyel projeler olu\u015fturma arzusunu kar\u015f\u0131layan bir \u00e7al\u0131\u015fma haritas\u0131 haz\u0131rlamak i\u00e7in \u015eam&#8217;da Irakl\u0131 sanayiciler i\u00e7in bir konferans d\u00fczenleme olas\u0131l\u0131\u011f\u0131n\u0131 tart\u0131\u015ft\u0131\u011f\u0131n\u0131 a\u00e7\u0131klad\u0131.<\/p>\n","protected":false},"excerpt":{"rendered":"<p>BA\u011eDAT \u2013 Suriye&#8217;nin Irak B\u00fcy\u00fckel\u00e7isi Sattam Cedan El Dandah ve Irak Sanayi Federasyonu Ba\u015fkan\u0131 Adel Akab, iki \u00fclke aras\u0131nda sanayi ve yat\u0131r\u0131m alanlar\u0131nda ikili ili\u015fkilerin geli\u015ftirilmesinin yollar\u0131n\u0131 g\u00f6r\u00fc\u015ft\u00fc. Irak Sanayi Federasyonu&#8217;nun Ba\u011fdat&#8217;taki merkezindeki g\u00f6r\u00fc\u015fmede iki taraf, iki \u00fclke aras\u0131ndaki \u00e7e\u015fitli d\u00fczeylerde ikili i\u015fbirli\u011finin b\u00fcy\u00fcme h\u0131z\u0131n\u0131n tan\u0131k oldu\u011fu b\u00fcy\u00fck geli\u015fmeye dikkat \u00e7ekerek, iki karde\u015f \u00fclkenin ili\u015fkileri &hellip;<\/p>\n","protected":false},"author":36,"featured_media":246108,"comment_status":"closed","ping_status":"closed","sticky":false,"template":"","format":"standard","meta":{"footnotes":""},"categories":[458,459,17988],"tags":[],"class_list":["post-246107","post","type-post","status-publish","format-standard","has-post-thumbnail","","category-dunya1","category-haberler-arap-uluslararasi-politika","category-son-haberler"],"_links":{"self":[{"href":"https:\/\/archive.sana.sy\/tr\/index.php?rest_route=\/wp\/v2\/posts\/246107","targetHints":{"allow":["GET"]}}],"collection":[{"href":"https:\/\/archive.sana.sy\/tr\/index.php?rest_route=\/wp\/v2\/posts"}],"about":[{"href":"https:\/\/archive.sana.sy\/tr\/index.php?rest_route=\/wp\/v2\/types\/post"}],"author":[{"embeddable":true,"href":"https:\/\/archive.sana.sy\/tr\/index.php?rest_route=\/wp\/v2\/users\/36"}],"replies":[{"embeddable":true,"href":"https:\/\/archive.sana.sy\/tr\/index.php?rest_route=%2Fwp%2Fv2%2Fcomments&post=246107"}],"version-history":[{"count":0,"href":"https:\/\/archive.sana.sy\/tr\/index.php?rest_route=\/wp\/v2\/posts\/246107\/revisions"}],"wp:featuredmedia":[{"embeddable":true,"href":"https:\/\/archive.sana.sy\/tr\/index.php?rest_route=\/wp\/v2\/media\/246108"}],"wp:attachment":[{"href":"https:\/\/archive.sana.sy\/tr\/index.php?rest_route=%2Fwp%2Fv2%2Fmedia&parent=246107"}],"wp:term":[{"taxonomy":"category","embeddable":true,"href":"https:\/\/archive.sana.sy\/tr\/index.php?rest_route=%2Fwp%2Fv2%2Fcategories&post=246107"},{"taxonomy":"post_tag","embeddable":true,"href":"https:\/\/archive.sana.sy\/tr\/index.php?rest_route=%2Fwp%2Fv2%2Ftags&post=246107"}],"curies":[{"name":"wp","href":"https:\/\/api.w.org\/{rel}","templated":true}]}}