{"id":246111,"date":"2021-11-17T10:35:20","date_gmt":"2021-11-17T08:35:20","guid":{"rendered":"http:\/\/107.6.182.27\/tr\/?p=246111"},"modified":"2021-11-18T09:15:04","modified_gmt":"2021-11-18T07:15:04","slug":"cumhurbaskani-el-esad-bugun-imzaladigi-bir-dizi-kararnamelerde-lazkiye-idlib-suveyda-ve-deraillerinde-yeni-valiler-atadi","status":"publish","type":"post","link":"https:\/\/archive.sana.sy\/tr\/?p=246111","title":{"rendered":"Cumhurba\u015fkan\u0131 Esad Lazkiye, \u0130dlib,  S\u00fcveyda ve Dera \u0130llerine Yeni Valiler Atad\u0131"},"content":{"rendered":"<p>Cumhurba\u015fkan\u0131 Be\u015f\u015far el Esad bug\u00fcn imzalad\u0131\u011f\u0131 kararnamelerle farkl\u0131 illerde idari g\u00f6revlere yeni vali atad\u0131. Cumhurba\u015fkan\u0131 el Esad bug\u00fcn imzalad\u0131\u011f\u0131 2021 y\u0131l\u0131n\u0131n 347 say\u0131l\u0131 kararnameyle, Lazkiye valisi \u0130brahim H\u0131z\u0131r el Selim\u2019i g\u00f6revden al\u0131p yerine Amir \u0130smail Hilal\u2019i vali olarak atad\u0131.<\/p>\n<p>Esad, 348 say\u0131l\u0131 kararnameyle, \u0130dlib valisi Muhamed Nettuf\u2019u g\u00f6revden al\u0131p yerine Sair Nasih Sahleb\u2019i vali olarak atad\u0131.<\/p>\n<p>Cumhurba\u015fkan\u0131 Esad, 349 say\u0131l\u0131 kararnameyle, S\u00fcveyda valisi Humam Sad\u0131k Dabiyet\u2019in g\u00f6revden al\u0131p yerine Nimr Habib Mahluf\u2019u vali olarak atad\u0131.<\/p>\n<p>Cumhurba\u015fkan\u0131 Esad 350 say\u0131l\u0131 kararnameyle de, Dera valisi Mervan \u0130brahim \u015eerbak\u2019i g\u00f6revden al\u0131p yerine Luay Hureyta\u2019y\u0131 vali olarak atad\u0131.<\/p>\n","protected":false},"excerpt":{"rendered":"<p>Cumhurba\u015fkan\u0131 Be\u015f\u015far el Esad bug\u00fcn imzalad\u0131\u011f\u0131 kararnamelerle farkl\u0131 illerde idari g\u00f6revlere yeni vali atad\u0131. Cumhurba\u015fkan\u0131 el Esad bug\u00fcn imzalad\u0131\u011f\u0131 2021 y\u0131l\u0131n\u0131n 347 say\u0131l\u0131 kararnameyle, Lazkiye valisi \u0130brahim H\u0131z\u0131r el Selim\u2019i g\u00f6revden al\u0131p yerine Amir \u0130smail Hilal\u2019i vali olarak atad\u0131. Esad, 348 say\u0131l\u0131 kararnameyle, \u0130dlib valisi Muhamed Nettuf\u2019u g\u00f6revden al\u0131p yerine Sair Nasih Sahleb\u2019i vali olarak &hellip;<\/p>\n","protected":false},"author":36,"featured_media":246112,"comment_status":"closed","ping_status":"closed","sticky":false,"template":"","format":"standard","meta":{"footnotes":""},"categories":[605,17988,612,599],"tags":[],"class_list":["post-246111","post","type-post","status-publish","format-standard","has-post-thumbnail","","category-sayin-cumhurbaskani","category-son-haberler","category-yasama-kararnameler","category-yasama-ve-kanunlar"],"_links":{"self":[{"href":"https:\/\/archive.sana.sy\/tr\/index.php?rest_route=\/wp\/v2\/posts\/246111","targetHints":{"allow":["GET"]}}],"collection":[{"href":"https:\/\/archive.sana.sy\/tr\/index.php?rest_route=\/wp\/v2\/posts"}],"about":[{"href":"https:\/\/archive.sana.sy\/tr\/index.php?rest_route=\/wp\/v2\/types\/post"}],"author":[{"embeddable":true,"href":"https:\/\/archive.sana.sy\/tr\/index.php?rest_route=\/wp\/v2\/users\/36"}],"replies":[{"embeddable":true,"href":"https:\/\/archive.sana.sy\/tr\/index.php?rest_route=%2Fwp%2Fv2%2Fcomments&post=246111"}],"version-history":[{"count":0,"href":"https:\/\/archive.sana.sy\/tr\/index.php?rest_route=\/wp\/v2\/posts\/246111\/revisions"}],"wp:featuredmedia":[{"embeddable":true,"href":"https:\/\/archive.sana.sy\/tr\/index.php?rest_route=\/wp\/v2\/media\/246112"}],"wp:attachment":[{"href":"https:\/\/archive.sana.sy\/tr\/index.php?rest_route=%2Fwp%2Fv2%2Fmedia&parent=246111"}],"wp:term":[{"taxonomy":"category","embeddable":true,"href":"https:\/\/archive.sana.sy\/tr\/index.php?rest_route=%2Fwp%2Fv2%2Fcategories&post=246111"},{"taxonomy":"post_tag","embeddable":true,"href":"https:\/\/archive.sana.sy\/tr\/index.php?rest_route=%2Fwp%2Fv2%2Ftags&post=246111"}],"curies":[{"name":"wp","href":"https:\/\/api.w.org\/{rel}","templated":true}]}}