{"id":246121,"date":"2021-11-17T08:25:24","date_gmt":"2021-11-17T06:25:24","guid":{"rendered":"http:\/\/107.6.182.27\/tr\/?p=246121"},"modified":"2021-11-18T08:27:01","modified_gmt":"2021-11-18T06:27:01","slug":"israil-isgal-gucleri-beti-yakada-13-filistinliyi-tutukladi","status":"publish","type":"post","link":"https:\/\/archive.sana.sy\/tr\/?p=246121","title":{"rendered":"\u0130srail \u0130\u015fgal G\u00fc\u00e7leri, Bet\u0131 Yaka\u2019da 13 Filistinliyi Tutuklad\u0131"},"content":{"rendered":"<p>\u0130\u015eGAL ALTINDAK\u0130 KUD\u00dcS \u2013 \u0130srail i\u015fgal g\u00fc\u00e7leri, Bat\u0131 Yaka\u2019n\u0131n farkl\u0131 b\u00f6lgelerinde 13 Filistinliyi tutuklad\u0131.<\/p>\n<p>Filistin WAFA Haber Ajans\u0131, \u0130srail i\u015fgal g\u00fc\u00e7lerinin, i\u015fgal alt\u0131ndaki Kud\u00fcs\u2019teki El Yasubiye ve Selvan beldeleri, El Halil\u2019deki g\u00fcney b\u00f6lge, g\u00fcneybat\u0131s\u0131ndaki Deyr Samit beldesi, Tulkar\u0131m\u2019daki g\u00fcney mahalle, Cenin\u2019in g\u00fcneyindeki Cabi beldesi, Kalkita\u2019n\u0131n g\u00fcneyindeki Sniyriye k\u00f6y\u00fc, Ramallah\u2019\u0131n bat\u0131s\u0131ndaki Baliyn k\u00f6y\u00fc ve Nablus kentine bask\u0131n d\u00fczenledi\u011fini belirtirken, 13 Filistinliyi tutuklad\u0131\u011f\u0131na i\u015faret etti.<\/p>\n","protected":false},"excerpt":{"rendered":"<p>\u0130\u015eGAL ALTINDAK\u0130 KUD\u00dcS \u2013 \u0130srail i\u015fgal g\u00fc\u00e7leri, Bat\u0131 Yaka\u2019n\u0131n farkl\u0131 b\u00f6lgelerinde 13 Filistinliyi tutuklad\u0131. Filistin WAFA Haber Ajans\u0131, \u0130srail i\u015fgal g\u00fc\u00e7lerinin, i\u015fgal alt\u0131ndaki Kud\u00fcs\u2019teki El Yasubiye ve Selvan beldeleri, El Halil\u2019deki g\u00fcney b\u00f6lge, g\u00fcneybat\u0131s\u0131ndaki Deyr Samit beldesi, Tulkar\u0131m\u2019daki g\u00fcney mahalle, Cenin\u2019in g\u00fcneyindeki Cabi beldesi, Kalkita\u2019n\u0131n g\u00fcneyindeki Sniyriye k\u00f6y\u00fc, Ramallah\u2019\u0131n bat\u0131s\u0131ndaki Baliyn k\u00f6y\u00fc ve Nablus kentine &hellip;<\/p>\n","protected":false},"author":36,"featured_media":246122,"comment_status":"closed","ping_status":"closed","sticky":false,"template":"","format":"standard","meta":{"footnotes":""},"categories":[458,459,17988],"tags":[],"class_list":["post-246121","post","type-post","status-publish","format-standard","has-post-thumbnail","","category-dunya1","category-haberler-arap-uluslararasi-politika","category-son-haberler"],"_links":{"self":[{"href":"https:\/\/archive.sana.sy\/tr\/index.php?rest_route=\/wp\/v2\/posts\/246121","targetHints":{"allow":["GET"]}}],"collection":[{"href":"https:\/\/archive.sana.sy\/tr\/index.php?rest_route=\/wp\/v2\/posts"}],"about":[{"href":"https:\/\/archive.sana.sy\/tr\/index.php?rest_route=\/wp\/v2\/types\/post"}],"author":[{"embeddable":true,"href":"https:\/\/archive.sana.sy\/tr\/index.php?rest_route=\/wp\/v2\/users\/36"}],"replies":[{"embeddable":true,"href":"https:\/\/archive.sana.sy\/tr\/index.php?rest_route=%2Fwp%2Fv2%2Fcomments&post=246121"}],"version-history":[{"count":0,"href":"https:\/\/archive.sana.sy\/tr\/index.php?rest_route=\/wp\/v2\/posts\/246121\/revisions"}],"wp:featuredmedia":[{"embeddable":true,"href":"https:\/\/archive.sana.sy\/tr\/index.php?rest_route=\/wp\/v2\/media\/246122"}],"wp:attachment":[{"href":"https:\/\/archive.sana.sy\/tr\/index.php?rest_route=%2Fwp%2Fv2%2Fmedia&parent=246121"}],"wp:term":[{"taxonomy":"category","embeddable":true,"href":"https:\/\/archive.sana.sy\/tr\/index.php?rest_route=%2Fwp%2Fv2%2Fcategories&post=246121"},{"taxonomy":"post_tag","embeddable":true,"href":"https:\/\/archive.sana.sy\/tr\/index.php?rest_route=%2Fwp%2Fv2%2Ftags&post=246121"}],"curies":[{"name":"wp","href":"https:\/\/api.w.org\/{rel}","templated":true}]}}