{"id":246124,"date":"2021-11-17T12:37:59","date_gmt":"2021-11-17T10:37:59","guid":{"rendered":"http:\/\/107.6.182.27\/tr\/?p=246124"},"modified":"2021-11-18T08:27:23","modified_gmt":"2021-11-18T06:27:23","slug":"deyrezzor-kentinde-bir-mayin-patladi-1-cocuk-yaralandi","status":"publish","type":"post","link":"https:\/\/archive.sana.sy\/tr\/?p=246124","title":{"rendered":"Deyrezzor Kentinde Bir May\u0131n Patlad\u0131, 1 \u00c7ocuk Yaraland\u0131"},"content":{"rendered":"<p>DEYREZZOR \u2013 Deyrezzor kentinin do\u011fusunda yer alan Tib Hrabi\u015f b\u00f6lgesi yak\u0131nlar\u0131nda, \u201cI\u015e\u0130D\u201d ter\u00f6r gruplar\u0131ndan kalan bir may\u0131n\u0131n patlamas\u0131 sonucunda 1 \u00e7ocuk yaraland\u0131.<\/p>\n<p>Esad Hastanesi M\u00fcd\u00fcr\u00fc Mamoun Heza SANA muhabirine yapt\u0131\u011f\u0131 a\u00e7\u0131klamada, hastanenin, bir may\u0131n\u0131n patlamas\u0131 sonucunda aya\u011f\u0131n\u0131n kesilmesine yol a\u00e7an ve v\u00fccudun \u00e7e\u015fitli yerlerinde \u015farapnellerle yaralanan 12 ya\u015f\u0131ndaki bir \u00e7ocu\u011fun kabul etti\u011fini belirtti.<\/p>\n","protected":false},"excerpt":{"rendered":"<p>DEYREZZOR \u2013 Deyrezzor kentinin do\u011fusunda yer alan Tib Hrabi\u015f b\u00f6lgesi yak\u0131nlar\u0131nda, \u201cI\u015e\u0130D\u201d ter\u00f6r gruplar\u0131ndan kalan bir may\u0131n\u0131n patlamas\u0131 sonucunda 1 \u00e7ocuk yaraland\u0131. Esad Hastanesi M\u00fcd\u00fcr\u00fc Mamoun Heza SANA muhabirine yapt\u0131\u011f\u0131 a\u00e7\u0131klamada, hastanenin, bir may\u0131n\u0131n patlamas\u0131 sonucunda aya\u011f\u0131n\u0131n kesilmesine yol a\u00e7an ve v\u00fccudun \u00e7e\u015fitli yerlerinde \u015farapnellerle yaralanan 12 ya\u015f\u0131ndaki bir \u00e7ocu\u011fun kabul etti\u011fini belirtti.<\/p>\n","protected":false},"author":36,"featured_media":246125,"comment_status":"closed","ping_status":"closed","sticky":false,"template":"","format":"standard","meta":{"footnotes":""},"categories":[479,575,17988,478],"tags":[],"class_list":["post-246124","post","type-post","status-publish","format-standard","has-post-thumbnail","","category-haberler-yerel","category-olaylar-ve-gercekler","category-son-haberler","category-yerel"],"_links":{"self":[{"href":"https:\/\/archive.sana.sy\/tr\/index.php?rest_route=\/wp\/v2\/posts\/246124","targetHints":{"allow":["GET"]}}],"collection":[{"href":"https:\/\/archive.sana.sy\/tr\/index.php?rest_route=\/wp\/v2\/posts"}],"about":[{"href":"https:\/\/archive.sana.sy\/tr\/index.php?rest_route=\/wp\/v2\/types\/post"}],"author":[{"embeddable":true,"href":"https:\/\/archive.sana.sy\/tr\/index.php?rest_route=\/wp\/v2\/users\/36"}],"replies":[{"embeddable":true,"href":"https:\/\/archive.sana.sy\/tr\/index.php?rest_route=%2Fwp%2Fv2%2Fcomments&post=246124"}],"version-history":[{"count":0,"href":"https:\/\/archive.sana.sy\/tr\/index.php?rest_route=\/wp\/v2\/posts\/246124\/revisions"}],"wp:featuredmedia":[{"embeddable":true,"href":"https:\/\/archive.sana.sy\/tr\/index.php?rest_route=\/wp\/v2\/media\/246125"}],"wp:attachment":[{"href":"https:\/\/archive.sana.sy\/tr\/index.php?rest_route=%2Fwp%2Fv2%2Fmedia&parent=246124"}],"wp:term":[{"taxonomy":"category","embeddable":true,"href":"https:\/\/archive.sana.sy\/tr\/index.php?rest_route=%2Fwp%2Fv2%2Fcategories&post=246124"},{"taxonomy":"post_tag","embeddable":true,"href":"https:\/\/archive.sana.sy\/tr\/index.php?rest_route=%2Fwp%2Fv2%2Ftags&post=246124"}],"curies":[{"name":"wp","href":"https:\/\/api.w.org\/{rel}","templated":true}]}}