{"id":246127,"date":"2021-11-17T12:45:20","date_gmt":"2021-11-17T10:45:20","guid":{"rendered":"http:\/\/107.6.182.27\/tr\/?p=246127"},"modified":"2021-11-18T08:27:26","modified_gmt":"2021-11-18T06:27:26","slug":"deyrezzor-ilinde-ulusal-anlasma-sureci-devam-ediyor-2","status":"publish","type":"post","link":"https:\/\/archive.sana.sy\/tr\/?p=246127","title":{"rendered":"Deyrezzor \u0130linde Ulusal Anla\u015fma S\u00fcreci Devam Ediyor"},"content":{"rendered":"<p>Deyrezzor \u2013 Deyrezzor ilinde, aranan siviller ve zorunlu ve yedek asker hizmetinden ka\u00e7an y\u00fczlerce ki\u015finin anla\u015fma s\u00fcrecine kat\u0131ld\u0131.<\/p>\n<div id='gallery-1' class='gallery galleryid-246127 gallery-columns-1 gallery-size-full'><figure class='gallery-item'>\n\t\t\t<div class='gallery-icon landscape'>\n\t\t\t\t<a href='https:\/\/archive.sana.sy\/tr\/wp-content\/uploads\/2021\/11\/der-11-1.jpg'><img loading=\"lazy\" decoding=\"async\" width=\"700\" height=\"402\" src=\"https:\/\/archive.sana.sy\/tr\/wp-content\/uploads\/2021\/11\/der-11-1.jpg\" class=\"attachment-full size-full\" alt=\"\" srcset=\"https:\/\/archive.sana.sy\/tr\/wp-content\/uploads\/2021\/11\/der-11-1.jpg 700w, https:\/\/archive.sana.sy\/tr\/wp-content\/uploads\/2021\/11\/der-11-1-300x172.jpg 300w, https:\/\/archive.sana.sy\/tr\/wp-content\/uploads\/2021\/11\/der-11-1-150x86.jpg 150w\" sizes=\"auto, (max-width: 700px) 100vw, 700px\" \/><\/a>\n\t\t\t<\/div><\/figure><figure class='gallery-item'>\n\t\t\t<div class='gallery-icon landscape'>\n\t\t\t\t<a href='https:\/\/archive.sana.sy\/tr\/wp-content\/uploads\/2021\/11\/der12-1.jpg'><img loading=\"lazy\" decoding=\"async\" width=\"700\" height=\"394\" src=\"https:\/\/archive.sana.sy\/tr\/wp-content\/uploads\/2021\/11\/der12-1.jpg\" class=\"attachment-full size-full\" alt=\"\" srcset=\"https:\/\/archive.sana.sy\/tr\/wp-content\/uploads\/2021\/11\/der12-1.jpg 700w, https:\/\/archive.sana.sy\/tr\/wp-content\/uploads\/2021\/11\/der12-1-300x169.jpg 300w, https:\/\/archive.sana.sy\/tr\/wp-content\/uploads\/2021\/11\/der12-1-150x84.jpg 150w\" sizes=\"auto, (max-width: 700px) 100vw, 700px\" \/><\/a>\n\t\t\t<\/div><\/figure><figure class='gallery-item'>\n\t\t\t<div class='gallery-icon landscape'>\n\t\t\t\t<a href='https:\/\/archive.sana.sy\/tr\/wp-content\/uploads\/2021\/11\/der13-2.jpg'><img loading=\"lazy\" decoding=\"async\" width=\"700\" height=\"434\" src=\"https:\/\/archive.sana.sy\/tr\/wp-content\/uploads\/2021\/11\/der13-2.jpg\" class=\"attachment-full size-full\" alt=\"\" srcset=\"https:\/\/archive.sana.sy\/tr\/wp-content\/uploads\/2021\/11\/der13-2.jpg 700w, https:\/\/archive.sana.sy\/tr\/wp-content\/uploads\/2021\/11\/der13-2-300x186.jpg 300w, https:\/\/archive.sana.sy\/tr\/wp-content\/uploads\/2021\/11\/der13-2-150x93.jpg 150w\" sizes=\"auto, (max-width: 700px) 100vw, 700px\" \/><\/a>\n\t\t\t<\/div><\/figure><figure class='gallery-item'>\n\t\t\t<div class='gallery-icon landscape'>\n\t\t\t\t<a href='https:\/\/archive.sana.sy\/tr\/wp-content\/uploads\/2021\/11\/der14-1.jpg'><img loading=\"lazy\" decoding=\"async\" width=\"700\" height=\"394\" src=\"https:\/\/archive.sana.sy\/tr\/wp-content\/uploads\/2021\/11\/der14-1.jpg\" class=\"attachment-full size-full\" alt=\"\" srcset=\"https:\/\/archive.sana.sy\/tr\/wp-content\/uploads\/2021\/11\/der14-1.jpg 700w, https:\/\/archive.sana.sy\/tr\/wp-content\/uploads\/2021\/11\/der14-1-300x169.jpg 300w, https:\/\/archive.sana.sy\/tr\/wp-content\/uploads\/2021\/11\/der14-1-150x84.jpg 150w\" sizes=\"auto, (max-width: 700px) 100vw, 700px\" \/><\/a>\n\t\t\t<\/div><\/figure><figure class='gallery-item'>\n\t\t\t<div class='gallery-icon landscape'>\n\t\t\t\t<a href='https:\/\/archive.sana.sy\/tr\/wp-content\/uploads\/2021\/11\/der16.jpg'><img loading=\"lazy\" decoding=\"async\" width=\"700\" height=\"414\" src=\"https:\/\/archive.sana.sy\/tr\/wp-content\/uploads\/2021\/11\/der16.jpg\" class=\"attachment-full size-full\" alt=\"\" srcset=\"https:\/\/archive.sana.sy\/tr\/wp-content\/uploads\/2021\/11\/der16.jpg 700w, https:\/\/archive.sana.sy\/tr\/wp-content\/uploads\/2021\/11\/der16-300x177.jpg 300w, https:\/\/archive.sana.sy\/tr\/wp-content\/uploads\/2021\/11\/der16-150x89.jpg 150w\" sizes=\"auto, (max-width: 700px) 100vw, 700px\" \/><\/a>\n\t\t\t<\/div><\/figure>\n\t\t<\/div>\n\n","protected":false},"excerpt":{"rendered":"<p>Deyrezzor \u2013 Deyrezzor ilinde, aranan siviller ve zorunlu ve yedek asker hizmetinden ka\u00e7an y\u00fczlerce ki\u015finin anla\u015fma s\u00fcrecine kat\u0131ld\u0131.<\/p>\n","protected":false},"author":36,"featured_media":246133,"comment_status":"closed","ping_status":"closed","sticky":false,"template":"","format":"standard","meta":{"footnotes":""},"categories":[596,479,17988,478],"tags":[],"class_list":["post-246127","post","type-post","status-publish","format-standard","has-post-thumbnail","","category-fotografli-raporlar","category-haberler-yerel","category-son-haberler","category-yerel"],"_links":{"self":[{"href":"https:\/\/archive.sana.sy\/tr\/index.php?rest_route=\/wp\/v2\/posts\/246127","targetHints":{"allow":["GET"]}}],"collection":[{"href":"https:\/\/archive.sana.sy\/tr\/index.php?rest_route=\/wp\/v2\/posts"}],"about":[{"href":"https:\/\/archive.sana.sy\/tr\/index.php?rest_route=\/wp\/v2\/types\/post"}],"author":[{"embeddable":true,"href":"https:\/\/archive.sana.sy\/tr\/index.php?rest_route=\/wp\/v2\/users\/36"}],"replies":[{"embeddable":true,"href":"https:\/\/archive.sana.sy\/tr\/index.php?rest_route=%2Fwp%2Fv2%2Fcomments&post=246127"}],"version-history":[{"count":0,"href":"https:\/\/archive.sana.sy\/tr\/index.php?rest_route=\/wp\/v2\/posts\/246127\/revisions"}],"wp:featuredmedia":[{"embeddable":true,"href":"https:\/\/archive.sana.sy\/tr\/index.php?rest_route=\/wp\/v2\/media\/246133"}],"wp:attachment":[{"href":"https:\/\/archive.sana.sy\/tr\/index.php?rest_route=%2Fwp%2Fv2%2Fmedia&parent=246127"}],"wp:term":[{"taxonomy":"category","embeddable":true,"href":"https:\/\/archive.sana.sy\/tr\/index.php?rest_route=%2Fwp%2Fv2%2Fcategories&post=246127"},{"taxonomy":"post_tag","embeddable":true,"href":"https:\/\/archive.sana.sy\/tr\/index.php?rest_route=%2Fwp%2Fv2%2Ftags&post=246127"}],"curies":[{"name":"wp","href":"https:\/\/api.w.org\/{rel}","templated":true}]}}