{"id":246210,"date":"2021-11-19T08:43:21","date_gmt":"2021-11-19T06:43:21","guid":{"rendered":"http:\/\/107.6.182.27\/tr\/?p=246210"},"modified":"2021-11-20T08:55:53","modified_gmt":"2021-11-20T06:55:53","slug":"rusyali-heyet-expo-2020-dubaide-suriye-pavyonunu-ziyaret-etti","status":"publish","type":"post","link":"https:\/\/archive.sana.sy\/tr\/?p=246210","title":{"rendered":"Rusyal\u0131 Heyet &#8220;Expo 2020 Dubai&#8217;de&#8221; Suriye Pavyonunu Ziyaret Etti"},"content":{"rendered":"<p>DUBA\u0130 \u2013 Rusya Pavyonu Genel Komiseri, Sanayi ve Ticaret Bakan Yard\u0131mc\u0131s\u0131 Alexei Guzdev ba\u015fkanl\u0131\u011f\u0131ndaki bir Rus heyeti, Expo 2020 Dubai&#8217;deki Suriye pavyonunu ziyaret etti.<\/p>\n<p><img loading=\"lazy\" decoding=\"async\" class=\"size-medium wp-image-246211 alignright\" src=\"http:\/\/107.6.182.27\/tr\/wp-content\/uploads\/2021\/11\/22-31-300x200.jpg\" alt=\"\" width=\"300\" height=\"200\" srcset=\"https:\/\/archive.sana.sy\/tr\/wp-content\/uploads\/2021\/11\/22-31-300x200.jpg 300w, https:\/\/archive.sana.sy\/tr\/wp-content\/uploads\/2021\/11\/22-31-150x100.jpg 150w, https:\/\/archive.sana.sy\/tr\/wp-content\/uploads\/2021\/11\/22-31.jpg 660w\" sizes=\"auto, (max-width: 300px) 100vw, 300px\" \/>Rus heyeti, Suriye&#8217;nin Birle\u015fik Arap Emirlikleri B\u00fcy\u00fckel\u00e7isi Dr. \u011eassan Abbas, Suriye Pavyonu Genel Komiseri ve Pavyonun Direkt\u00f6r\u00fc M\u00fch. Haled El \u015eamaa ve \u00e7ok say\u0131da Suriyeli i\u015f\u00e7i ve g\u00f6n\u00fcll\u00fc taraf\u0131ndan kar\u015f\u0131land\u0131 ve Suriye topraklar\u0131ndaki eski uygarl\u0131klar\u0131n tarihini ve miras\u0131n\u0131 yans\u0131tan pavyonun b\u00f6l\u00fcmlerini konuklara tan\u0131t\u0131rd\u0131.<\/p>\n<p>Guzdev, Suriye pavyonunu &#8220;harika, \u00e7ok anlaml\u0131 ve y\u00fcreklere dokunan&#8221; olarak nitelendirerek, &#8220;Pavyonda Suriye&#8217;ye olan ba\u011fl\u0131l\u0131\u011f\u0131n ve samimiyetin boyutunu, tarihini ve miras\u0131n\u0131, ziyaret\u00e7ilere nas\u0131l sunuldu\u011funu g\u00f6steren bir\u00e7ok \u015fey ke\u015ffettim&#8221; dedi.<\/p>\n<p>Ziyaret s\u0131ras\u0131nda, iki pavyonun genel komiserleri aras\u0131nda, her iki pavyondaki i\u015fadamlar\u0131n\u0131n ticaret ve ekonomik i\u015fbirli\u011fi f\u0131rsatlar\u0131n\u0131 \u00f6\u011frenmeleri i\u00e7in bir \u00e7al\u0131\u015ftay d\u00fczenlenmesi konusunda anla\u015fmaya var\u0131ld\u0131.<\/p>\n<div id='gallery-1' class='gallery galleryid-246210 gallery-columns-1 gallery-size-full'><figure class='gallery-item'>\n\t\t\t<div class='gallery-icon landscape'>\n\t\t\t\t<a href='https:\/\/archive.sana.sy\/tr\/wp-content\/uploads\/2021\/11\/30000-1.jpg'><img loading=\"lazy\" decoding=\"async\" width=\"660\" height=\"440\" src=\"https:\/\/archive.sana.sy\/tr\/wp-content\/uploads\/2021\/11\/30000-1.jpg\" class=\"attachment-full size-full\" alt=\"\" srcset=\"https:\/\/archive.sana.sy\/tr\/wp-content\/uploads\/2021\/11\/30000-1.jpg 660w, https:\/\/archive.sana.sy\/tr\/wp-content\/uploads\/2021\/11\/30000-1-300x200.jpg 300w, https:\/\/archive.sana.sy\/tr\/wp-content\/uploads\/2021\/11\/30000-1-150x100.jpg 150w\" sizes=\"auto, (max-width: 660px) 100vw, 660px\" \/><\/a>\n\t\t\t<\/div><\/figure><figure class='gallery-item'>\n\t\t\t<div class='gallery-icon landscape'>\n\t\t\t\t<a href='https:\/\/archive.sana.sy\/tr\/wp-content\/uploads\/2021\/11\/666666.jpg'><img loading=\"lazy\" decoding=\"async\" width=\"660\" height=\"440\" src=\"https:\/\/archive.sana.sy\/tr\/wp-content\/uploads\/2021\/11\/666666.jpg\" class=\"attachment-full size-full\" alt=\"\" srcset=\"https:\/\/archive.sana.sy\/tr\/wp-content\/uploads\/2021\/11\/666666.jpg 660w, https:\/\/archive.sana.sy\/tr\/wp-content\/uploads\/2021\/11\/666666-300x200.jpg 300w, https:\/\/archive.sana.sy\/tr\/wp-content\/uploads\/2021\/11\/666666-150x100.jpg 150w\" sizes=\"auto, (max-width: 660px) 100vw, 660px\" \/><\/a>\n\t\t\t<\/div><\/figure>\n\t\t<\/div>\n\n","protected":false},"excerpt":{"rendered":"<p>DUBA\u0130 \u2013 Rusya Pavyonu Genel Komiseri, Sanayi ve Ticaret Bakan Yard\u0131mc\u0131s\u0131 Alexei Guzdev ba\u015fkanl\u0131\u011f\u0131ndaki bir Rus heyeti, Expo 2020 Dubai&#8217;deki Suriye pavyonunu ziyaret etti. Rus heyeti, Suriye&#8217;nin Birle\u015fik Arap Emirlikleri B\u00fcy\u00fckel\u00e7isi Dr. \u011eassan Abbas, Suriye Pavyonu Genel Komiseri ve Pavyonun Direkt\u00f6r\u00fc M\u00fch. Haled El \u015eamaa ve \u00e7ok say\u0131da Suriyeli i\u015f\u00e7i ve g\u00f6n\u00fcll\u00fc taraf\u0131ndan kar\u015f\u0131land\u0131 ve &hellip;<\/p>\n","protected":false},"author":36,"featured_media":246214,"comment_status":"closed","ping_status":"closed","sticky":false,"template":"","format":"standard","meta":{"footnotes":""},"categories":[458,596,459,17988],"tags":[],"class_list":["post-246210","post","type-post","status-publish","format-standard","has-post-thumbnail","","category-dunya1","category-fotografli-raporlar","category-haberler-arap-uluslararasi-politika","category-son-haberler"],"_links":{"self":[{"href":"https:\/\/archive.sana.sy\/tr\/index.php?rest_route=\/wp\/v2\/posts\/246210","targetHints":{"allow":["GET"]}}],"collection":[{"href":"https:\/\/archive.sana.sy\/tr\/index.php?rest_route=\/wp\/v2\/posts"}],"about":[{"href":"https:\/\/archive.sana.sy\/tr\/index.php?rest_route=\/wp\/v2\/types\/post"}],"author":[{"embeddable":true,"href":"https:\/\/archive.sana.sy\/tr\/index.php?rest_route=\/wp\/v2\/users\/36"}],"replies":[{"embeddable":true,"href":"https:\/\/archive.sana.sy\/tr\/index.php?rest_route=%2Fwp%2Fv2%2Fcomments&post=246210"}],"version-history":[{"count":0,"href":"https:\/\/archive.sana.sy\/tr\/index.php?rest_route=\/wp\/v2\/posts\/246210\/revisions"}],"wp:featuredmedia":[{"embeddable":true,"href":"https:\/\/archive.sana.sy\/tr\/index.php?rest_route=\/wp\/v2\/media\/246214"}],"wp:attachment":[{"href":"https:\/\/archive.sana.sy\/tr\/index.php?rest_route=%2Fwp%2Fv2%2Fmedia&parent=246210"}],"wp:term":[{"taxonomy":"category","embeddable":true,"href":"https:\/\/archive.sana.sy\/tr\/index.php?rest_route=%2Fwp%2Fv2%2Fcategories&post=246210"},{"taxonomy":"post_tag","embeddable":true,"href":"https:\/\/archive.sana.sy\/tr\/index.php?rest_route=%2Fwp%2Fv2%2Ftags&post=246210"}],"curies":[{"name":"wp","href":"https:\/\/api.w.org\/{rel}","templated":true}]}}