{"id":246219,"date":"2021-11-19T12:20:49","date_gmt":"2021-11-19T10:20:49","guid":{"rendered":"http:\/\/107.6.182.27\/tr\/?p=246219"},"modified":"2021-11-20T08:56:05","modified_gmt":"2021-11-20T06:56:05","slug":"teror-orgutleri-curin-beldesine-fuzelerle-saldirdi-7","status":"publish","type":"post","link":"https:\/\/archive.sana.sy\/tr\/?p=246219","title":{"rendered":"Ter\u00f6r \u00d6rg\u00fctleri Curin Beldesine F\u00fczelerle Sald\u0131rd\u0131"},"content":{"rendered":"<p>HAMA \u2013 \u0130dlib k\u0131rsal\u0131nda konu\u015flanan ter\u00f6r \u00f6rg\u00fctleri, Hama k\u0131rsal\u0131ndaki g\u00fcvenli k\u00f6y ve beldelere y\u00f6nelik sald\u0131r\u0131lar\u0131n\u0131 yenileyerek, roket mermileriyle Curin k\u00f6y\u00fcndeki vatanda\u015flar\u0131n evlerini hedef ald\u0131.<\/p>\n<p>Hama SANA muhabiri, \u0130dlib k\u0131rsal\u0131nda konu\u015flanan ter\u00f6r \u00f6rg\u00fctlerin, Hama k\u0131rsal\u0131n\u0131n kuzeybat\u0131s\u0131nda yer alan El \u011eab b\u00f6lgesindeki Curin beldesinde vatanda\u015flar\u0131n evlerine roketli f\u00fcze f\u0131rlatt\u0131\u011f\u0131n\u0131 belirtti.<\/p>\n<p>Muhabir, sald\u0131r\u0131n\u0131n baz\u0131 evlerde, kamu ve \u00f6zel m\u00fclklere zarar verdi\u011fine dikkat \u00e7ekti.<\/p>\n","protected":false},"excerpt":{"rendered":"<p>HAMA \u2013 \u0130dlib k\u0131rsal\u0131nda konu\u015flanan ter\u00f6r \u00f6rg\u00fctleri, Hama k\u0131rsal\u0131ndaki g\u00fcvenli k\u00f6y ve beldelere y\u00f6nelik sald\u0131r\u0131lar\u0131n\u0131 yenileyerek, roket mermileriyle Curin k\u00f6y\u00fcndeki vatanda\u015flar\u0131n evlerini hedef ald\u0131. Hama SANA muhabiri, \u0130dlib k\u0131rsal\u0131nda konu\u015flanan ter\u00f6r \u00f6rg\u00fctlerin, Hama k\u0131rsal\u0131n\u0131n kuzeybat\u0131s\u0131nda yer alan El \u011eab b\u00f6lgesindeki Curin beldesinde vatanda\u015flar\u0131n evlerine roketli f\u00fcze f\u0131rlatt\u0131\u011f\u0131n\u0131 belirtti. Muhabir, sald\u0131r\u0131n\u0131n baz\u0131 evlerde, kamu ve \u00f6zel &hellip;<\/p>\n","protected":false},"author":36,"featured_media":246220,"comment_status":"closed","ping_status":"closed","sticky":false,"template":"","format":"standard","meta":{"footnotes":""},"categories":[479,575,17988,478],"tags":[],"class_list":["post-246219","post","type-post","status-publish","format-standard","has-post-thumbnail","","category-haberler-yerel","category-olaylar-ve-gercekler","category-son-haberler","category-yerel"],"_links":{"self":[{"href":"https:\/\/archive.sana.sy\/tr\/index.php?rest_route=\/wp\/v2\/posts\/246219","targetHints":{"allow":["GET"]}}],"collection":[{"href":"https:\/\/archive.sana.sy\/tr\/index.php?rest_route=\/wp\/v2\/posts"}],"about":[{"href":"https:\/\/archive.sana.sy\/tr\/index.php?rest_route=\/wp\/v2\/types\/post"}],"author":[{"embeddable":true,"href":"https:\/\/archive.sana.sy\/tr\/index.php?rest_route=\/wp\/v2\/users\/36"}],"replies":[{"embeddable":true,"href":"https:\/\/archive.sana.sy\/tr\/index.php?rest_route=%2Fwp%2Fv2%2Fcomments&post=246219"}],"version-history":[{"count":0,"href":"https:\/\/archive.sana.sy\/tr\/index.php?rest_route=\/wp\/v2\/posts\/246219\/revisions"}],"wp:featuredmedia":[{"embeddable":true,"href":"https:\/\/archive.sana.sy\/tr\/index.php?rest_route=\/wp\/v2\/media\/246220"}],"wp:attachment":[{"href":"https:\/\/archive.sana.sy\/tr\/index.php?rest_route=%2Fwp%2Fv2%2Fmedia&parent=246219"}],"wp:term":[{"taxonomy":"category","embeddable":true,"href":"https:\/\/archive.sana.sy\/tr\/index.php?rest_route=%2Fwp%2Fv2%2Fcategories&post=246219"},{"taxonomy":"post_tag","embeddable":true,"href":"https:\/\/archive.sana.sy\/tr\/index.php?rest_route=%2Fwp%2Fv2%2Ftags&post=246219"}],"curies":[{"name":"wp","href":"https:\/\/api.w.org\/{rel}","templated":true}]}}